{"id":54576,"date":"2025-09-13T11:35:47","date_gmt":"2025-09-13T08:35:47","guid":{"rendered":"https:\/\/www.egemtv.com\/?p=54576"},"modified":"2025-09-13T11:35:48","modified_gmt":"2025-09-13T08:35:48","slug":"goztepe-kayserispor-deplasmaninda-2","status":"publish","type":"post","link":"https:\/\/www.egemtv.com\/?p=54576","title":{"rendered":"G\u00f6ztepe, Kayserispor deplasman\u0131nda"},"content":{"rendered":"<p>G\u00f6ztepe, Trendyol S\u00fcper Lig\u2019in 5. haftas\u0131nda yar\u0131n Kayserispor\u2019la deplasmanda kar\u015f\u0131 kar\u015f\u0131ya gelecek.<br \/>\n<br \/>Trendyol S\u00fcper Lig\u2019e etkili bir giri\u015f yaparak sezona 2 galibiyet ve 2 beraberlikle ba\u015flayan G\u00f6ztepe, 5. haftada yar\u0131n saat 17.00\u2019de deplasmanda Kayserispor ile oynayacak. Kar\u015f\u0131la\u015fma \u00f6ncesinde 1 ma\u00e7 eksi\u011fi bulunan Kayserispor 2 puanla 14. s\u0131rada yer al\u0131rken, \u0130zmir ekibi ise 8 puanla 3. basamakta yer al\u0131yor. Yoluna yenilgisiz devam eden sar\u0131-k\u0131rm\u0131z\u0131l\u0131lar, zorlu ma\u00e7ta rakibini ma\u011flup ederek \u015fimdiden Avrupa hedefine emin ad\u0131mlarla ilerlemeyi hedefliyor.<\/p>\n<p>D\u0131\u015f sahada kay\u0131p ya\u015fanmad\u0131<br \/>\n<br \/>Yeni sezona deplasmanda sergiledi\u011fi kusursuz performansla ba\u015flayan G\u00f6ztepe, ilk hafta \u00c7aykur Rizespor\u2019u d\u0131\u015f sahada 3-0\u2019l\u0131k net bir skorla ma\u011flup etti. 2. haftada G\u00fcrsel Aksel Stadyumu\u2019nda Fenerbah\u00e7e ile 2-2 berabere kalan sar\u0131-k\u0131rm\u0131z\u0131l\u0131lar, 3. hafta konuk oldu\u011fu Fatih Karag\u00fcmr\u00fck\u2019\u00fc 2-0\u2019la ge\u00e7ti. 4. haftada Konyaspor\u2019u a\u011f\u0131rlayan \u0130zmir temsilcisi, sahadan 1-1\u2019lik beraberlikle ayr\u0131ld\u0131. Teknik direkt\u00f6r Stanimir Stoilov\u2019un \u00f6\u011frencileri, bu ba\u015far\u0131l\u0131 grafi\u011fi Kayserispor kar\u015f\u0131s\u0131nda da devam ettirmeyi hedefliyor.<\/p>\n<p>Og\u00fcn yok, Godoi d\u00f6nd\u00fc<br \/>\n<br \/>G\u00f6ztepe\u2019de sezon \u00f6ncesindeki Slovenya kamp\u0131nda omzundan sakatlanan Og\u00fcn Bayrak\u2019\u0131n tedavisi s\u00fcrerken, ge\u00e7ti\u011fimiz haftalardaki antrenmanda darbe alarak sakatlanan Godoi ise tak\u0131mla \u00e7al\u0131\u015fmalara ba\u015flad\u0131. Durumunun iyi oldu\u011fu belirtilen savunma oyuncusunun, teknik ekibin g\u00f6rev vermesi halinde forma giyebilece\u011fi \u00f6\u011frenildi.<br \/><\/p>\n","protected":false},"excerpt":{"rendered":"<p>G\u00f6ztepe, Trendyol S\u00fcper Lig\u2019in 5. haftas\u0131nda yar\u0131n Kayserispor\u2019la deplasmanda kar\u015f\u0131 kar\u015f\u0131ya gelecek. Trendyol S\u00fcper Lig\u2019e etkili bir giri\u015f yaparak sezona 2 galibiyet ve 2 beraberlikle ba\u015flayan G\u00f6ztepe, 5. haftada yar\u0131n saat 17.00\u2019de deplasmanda Kayserispor ile oynayacak. Kar\u015f\u0131la\u015fma \u00f6ncesinde 1 ma\u00e7 eksi\u011fi bulunan Kayserispor 2 puanla 14. s\u0131rada yer al\u0131rken, \u0130zmir ekibi ise 8 puanla 3&#8230;.<\/p>\n","protected":false},"author":1,"featured_media":54577,"comment_status":"open","ping_status":"open","sticky":false,"template":"","format":"standard","meta":{"_crdt_document":"","footnotes":""},"categories":[4],"tags":[],"class_list":["post-54576","post","type-post","status-publish","format-standard","has-post-thumbnail","hentry","category-spor"],"_links":{"self":[{"href":"https:\/\/www.egemtv.com\/index.php?rest_route=\/wp\/v2\/posts\/54576","targetHints":{"allow":["GET"]}}],"collection":[{"href":"https:\/\/www.egemtv.com\/index.php?rest_route=\/wp\/v2\/posts"}],"about":[{"href":"https:\/\/www.egemtv.com\/index.php?rest_route=\/wp\/v2\/types\/post"}],"author":[{"embeddable":true,"href":"https:\/\/www.egemtv.com\/index.php?rest_route=\/wp\/v2\/users\/1"}],"replies":[{"embeddable":true,"href":"https:\/\/www.egemtv.com\/index.php?rest_route=%2Fwp%2Fv2%2Fcomments&post=54576"}],"version-history":[{"count":1,"href":"https:\/\/www.egemtv.com\/index.php?rest_route=\/wp\/v2\/posts\/54576\/revisions"}],"predecessor-version":[{"id":54578,"href":"https:\/\/www.egemtv.com\/index.php?rest_route=\/wp\/v2\/posts\/54576\/revisions\/54578"}],"wp:featuredmedia":[{"embeddable":true,"href":"https:\/\/www.egemtv.com\/index.php?rest_route=\/wp\/v2\/media\/54577"}],"wp:attachment":[{"href":"https:\/\/www.egemtv.com\/index.php?rest_route=%2Fwp%2Fv2%2Fmedia&parent=54576"}],"wp:term":[{"taxonomy":"category","embeddable":true,"href":"https:\/\/www.egemtv.com\/index.php?rest_route=%2Fwp%2Fv2%2Fcategories&post=54576"},{"taxonomy":"post_tag","embeddable":true,"href":"https:\/\/www.egemtv.com\/index.php?rest_route=%2Fwp%2Fv2%2Ftags&post=54576"}],"curies":[{"name":"wp","href":"https:\/\/api.w.org\/{rel}","templated":true}]}}