{"id":54573,"date":"2025-09-13T11:35:45","date_gmt":"2025-09-13T08:35:45","guid":{"rendered":"https:\/\/www.egemtv.com\/?p=54573"},"modified":"2025-09-13T11:35:47","modified_gmt":"2025-09-13T08:35:47","slug":"siberay-programi-cercevesinde-yaklasik-90-bin-kisiye-egitim-verildi","status":"publish","type":"post","link":"https:\/\/www.egemtv.com\/?p=54573","title":{"rendered":"Siberay program\u0131 \u00e7er\u00e7evesinde yakla\u015f\u0131k 90 bin ki\u015fiye e\u011fitim verildi"},"content":{"rendered":"<p>Afyonkarahisar\u2019da \u2018Siberay\u2019 program\u0131 \u00e7er\u00e7evesinde yakla\u015f\u0131k 90 bin ki\u015fiye bilgilendirme yap\u0131ld\u0131.<br \/>\n<br \/>Afyonkarahisar \u0130l emniyet M\u00fcd\u00fcrl\u00fc\u011f\u00fcnden yap\u0131lan yaz\u0131l\u0131 a\u00e7\u0131klamada, &#8220;\u0130l Emniyet M\u00fcd\u00fcrl\u00fc\u011f\u00fcm\u00fcz g\u00f6revlilerince Siberay program\u0131 \u00e7er\u00e7evesinde siber su\u00e7lar\u0131n ger\u00e7ekle\u015fmeden engellenmesi, maddi manevi zararlar\u0131n en aza indirgenmesi, fark\u0131ndal\u0131k ve bilin\u00e7lendirme faaliyetleri yap\u0131lmas\u0131 amac\u0131yla; ilimizde d\u00fczenlenen NG AFYON Motofest-MXGP of T\u00dcRK\u0130YE etkinlik alan\u0131nda stant a\u00e7\u0131ld\u0131 A\u00e7\u0131lan stantta bilgi yar\u0131\u015fmas\u0131 d\u00fczenlenmi\u015f,  g\u00fcvenli ve bilin\u00e7li internet kullan\u0131m\u0131, siber zorbal\u0131k, teknoloji ba\u011f\u0131ml\u0131l\u0131\u011f\u0131 ve dijital okur yazarl\u0131k konular\u0131nda 90 bin ki\u015fiye seminer d\u00fczenlenerek, bilgi yar\u0131\u015fmas\u0131nda ba\u015far\u0131l\u0131 olanlara \u00f6d\u00fcl verilmi\u015ftir&#8221; ifadelerine yer verildi.<br \/><\/p>\n","protected":false},"excerpt":{"rendered":"<p>Afyonkarahisar\u2019da \u2018Siberay\u2019 program\u0131 \u00e7er\u00e7evesinde yakla\u015f\u0131k 90 bin ki\u015fiye bilgilendirme yap\u0131ld\u0131. Afyonkarahisar \u0130l emniyet M\u00fcd\u00fcrl\u00fc\u011f\u00fcnden yap\u0131lan yaz\u0131l\u0131 a\u00e7\u0131klamada, &#8220;\u0130l Emniyet M\u00fcd\u00fcrl\u00fc\u011f\u00fcm\u00fcz g\u00f6revlilerince Siberay program\u0131 \u00e7er\u00e7evesinde siber su\u00e7lar\u0131n ger\u00e7ekle\u015fmeden engellenmesi, maddi manevi zararlar\u0131n en aza indirgenmesi, fark\u0131ndal\u0131k ve bilin\u00e7lendirme faaliyetleri yap\u0131lmas\u0131 amac\u0131yla; ilimizde d\u00fczenlenen NG AFYON Motofest-MXGP of T\u00dcRK\u0130YE etkinlik alan\u0131nda stant a\u00e7\u0131ld\u0131 A\u00e7\u0131lan stantta bilgi yar\u0131\u015fmas\u0131&#8230;<\/p>\n","protected":false},"author":1,"featured_media":54574,"comment_status":"open","ping_status":"open","sticky":false,"template":"","format":"standard","meta":{"_crdt_document":"","footnotes":""},"categories":[124],"tags":[],"class_list":["post-54573","post","type-post","status-publish","format-standard","has-post-thumbnail","hentry","category-bilim"],"_links":{"self":[{"href":"https:\/\/www.egemtv.com\/index.php?rest_route=\/wp\/v2\/posts\/54573","targetHints":{"allow":["GET"]}}],"collection":[{"href":"https:\/\/www.egemtv.com\/index.php?rest_route=\/wp\/v2\/posts"}],"about":[{"href":"https:\/\/www.egemtv.com\/index.php?rest_route=\/wp\/v2\/types\/post"}],"author":[{"embeddable":true,"href":"https:\/\/www.egemtv.com\/index.php?rest_route=\/wp\/v2\/users\/1"}],"replies":[{"embeddable":true,"href":"https:\/\/www.egemtv.com\/index.php?rest_route=%2Fwp%2Fv2%2Fcomments&post=54573"}],"version-history":[{"count":1,"href":"https:\/\/www.egemtv.com\/index.php?rest_route=\/wp\/v2\/posts\/54573\/revisions"}],"predecessor-version":[{"id":54575,"href":"https:\/\/www.egemtv.com\/index.php?rest_route=\/wp\/v2\/posts\/54573\/revisions\/54575"}],"wp:featuredmedia":[{"embeddable":true,"href":"https:\/\/www.egemtv.com\/index.php?rest_route=\/wp\/v2\/media\/54574"}],"wp:attachment":[{"href":"https:\/\/www.egemtv.com\/index.php?rest_route=%2Fwp%2Fv2%2Fmedia&parent=54573"}],"wp:term":[{"taxonomy":"category","embeddable":true,"href":"https:\/\/www.egemtv.com\/index.php?rest_route=%2Fwp%2Fv2%2Fcategories&post=54573"},{"taxonomy":"post_tag","embeddable":true,"href":"https:\/\/www.egemtv.com\/index.php?rest_route=%2Fwp%2Fv2%2Ftags&post=54573"}],"curies":[{"name":"wp","href":"https:\/\/api.w.org\/{rel}","templated":true}]}}