{"id":54570,"date":"2025-09-13T11:14:54","date_gmt":"2025-09-13T08:14:54","guid":{"rendered":"https:\/\/www.egemtv.com\/?p=54570"},"modified":"2025-09-13T11:14:55","modified_gmt":"2025-09-13T08:14:55","slug":"baskan-kahveci-sampiyon-basketbolculari-makaminda-agirladi","status":"publish","type":"post","link":"https:\/\/www.egemtv.com\/?p=54570","title":{"rendered":"Ba\u015fkan Kahveci, \u015fampiyon basketbolcular\u0131 makam\u0131nda a\u011f\u0131rlad\u0131"},"content":{"rendered":"<p>K\u00fctahya Belediye Ba\u015fkan\u0131 Ey\u00fcp Kahveci, ba\u015far\u0131lar\u0131yla \u015fehri gururland\u0131ran K\u00fctahya Belediyespor Erkek Basketbol Tak\u0131m\u0131\u2019n\u0131 makam\u0131nda a\u011f\u0131rlad\u0131.<br \/>\n<br \/>K\u00fctahya Belediyespor, ge\u00e7ti\u011fimiz sezon T\u00fcrkiye Basketbol Federasyonu Erkekler B\u00f6lgesel Ligi\u2019nde sergiledi\u011fi \u00fcst\u00fcn performansla \u015fampiyonluk kupas\u0131n\u0131 kald\u0131rd\u0131. Yeni sezonda T\u00fcrkiye Basketbol 2. Ligi\u2019nde m\u00fccadele edecek olan tak\u0131m\u0131n teknik heyeti, oyuncular\u0131 ve y\u00f6neticiler K\u00fctahya Belediye Ba\u015fkan\u0131 Kahveci\u2019nin misafiri oldu. Ba\u015fkan\u0131 Kahveci, sporcularla tek tek ilgilenerek, tak\u0131m\u0131n azmi, inanc\u0131 ve m\u00fccadele ruhuyla t\u00fcm \u015fehre \u00f6rnek oldu\u011funu vurgulad\u0131. Elde edilen ba\u015far\u0131n\u0131n \u015fehir i\u00e7in b\u00fcy\u00fck bir gurur kayna\u011f\u0131 oldu\u011funu belirten Ba\u015fkan Kahveci, sporculara verilen deste\u011fin artarak devam edece\u011fini ifade etti. Tak\u0131m kaptan\u0131, teknik heyet ve kul\u00fcp y\u00f6neticileri ise desteklerinden dolay\u0131 Ba\u015fkan Kahveci\u2019ye te\u015fekk\u00fcr ederek, ayn\u0131 inan\u00e7 ve kararl\u0131l\u0131kla m\u00fccadele edeceklerinin s\u00f6z\u00fcn\u00fc verdi.<br \/><\/p>\n","protected":false},"excerpt":{"rendered":"<p>K\u00fctahya Belediye Ba\u015fkan\u0131 Ey\u00fcp Kahveci, ba\u015far\u0131lar\u0131yla \u015fehri gururland\u0131ran K\u00fctahya Belediyespor Erkek Basketbol Tak\u0131m\u0131\u2019n\u0131 makam\u0131nda a\u011f\u0131rlad\u0131. K\u00fctahya Belediyespor, ge\u00e7ti\u011fimiz sezon T\u00fcrkiye Basketbol Federasyonu Erkekler B\u00f6lgesel Ligi\u2019nde sergiledi\u011fi \u00fcst\u00fcn performansla \u015fampiyonluk kupas\u0131n\u0131 kald\u0131rd\u0131. Yeni sezonda T\u00fcrkiye Basketbol 2. Ligi\u2019nde m\u00fccadele edecek olan tak\u0131m\u0131n teknik heyeti, oyuncular\u0131 ve y\u00f6neticiler K\u00fctahya Belediye Ba\u015fkan\u0131 Kahveci\u2019nin misafiri oldu. Ba\u015fkan\u0131 Kahveci, sporcularla&#8230;<\/p>\n","protected":false},"author":1,"featured_media":54571,"comment_status":"open","ping_status":"open","sticky":false,"template":"","format":"standard","meta":{"_crdt_document":"","footnotes":""},"categories":[123],"tags":[],"class_list":["post-54570","post","type-post","status-publish","format-standard","has-post-thumbnail","hentry","category-gundem"],"_links":{"self":[{"href":"https:\/\/www.egemtv.com\/index.php?rest_route=\/wp\/v2\/posts\/54570","targetHints":{"allow":["GET"]}}],"collection":[{"href":"https:\/\/www.egemtv.com\/index.php?rest_route=\/wp\/v2\/posts"}],"about":[{"href":"https:\/\/www.egemtv.com\/index.php?rest_route=\/wp\/v2\/types\/post"}],"author":[{"embeddable":true,"href":"https:\/\/www.egemtv.com\/index.php?rest_route=\/wp\/v2\/users\/1"}],"replies":[{"embeddable":true,"href":"https:\/\/www.egemtv.com\/index.php?rest_route=%2Fwp%2Fv2%2Fcomments&post=54570"}],"version-history":[{"count":1,"href":"https:\/\/www.egemtv.com\/index.php?rest_route=\/wp\/v2\/posts\/54570\/revisions"}],"predecessor-version":[{"id":54572,"href":"https:\/\/www.egemtv.com\/index.php?rest_route=\/wp\/v2\/posts\/54570\/revisions\/54572"}],"wp:featuredmedia":[{"embeddable":true,"href":"https:\/\/www.egemtv.com\/index.php?rest_route=\/wp\/v2\/media\/54571"}],"wp:attachment":[{"href":"https:\/\/www.egemtv.com\/index.php?rest_route=%2Fwp%2Fv2%2Fmedia&parent=54570"}],"wp:term":[{"taxonomy":"category","embeddable":true,"href":"https:\/\/www.egemtv.com\/index.php?rest_route=%2Fwp%2Fv2%2Fcategories&post=54570"},{"taxonomy":"post_tag","embeddable":true,"href":"https:\/\/www.egemtv.com\/index.php?rest_route=%2Fwp%2Fv2%2Ftags&post=54570"}],"curies":[{"name":"wp","href":"https:\/\/api.w.org\/{rel}","templated":true}]}}