{"id":54567,"date":"2025-09-13T10:56:12","date_gmt":"2025-09-13T07:56:12","guid":{"rendered":"https:\/\/www.egemtv.com\/?p=54567"},"modified":"2025-09-13T10:56:13","modified_gmt":"2025-09-13T07:56:13","slug":"kendisine-terapi-olan-kaligrafiyi-gelecek-nesillere-aktariyor","status":"publish","type":"post","link":"https:\/\/www.egemtv.com\/?p=54567","title":{"rendered":"Kendisine terapi olan kaligrafiyi gelecek nesillere aktar\u0131yor"},"content":{"rendered":"<p>Manisa\u2019da ya\u015fayan kaligrafi ustas\u0131 Osman Sand\u0131k\u00e7\u0131, \u00fcretti\u011fi eserlerle hem terapi buluyor hem de verdi\u011fi e\u011fitimlerle sanat\u0131n\u0131 gelece\u011fe aktar\u0131yor.<br \/>\n<br \/>Harfleri yaln\u0131zca bir yaz\u0131 bi\u00e7imi olmaktan \u00e7\u0131kararak estetik birer sanat eserine d\u00f6n\u00fc\u015ft\u00fcren kaligrafi sanat\u0131, Osmanl\u0131\u2019dan bu yana y\u00fczy\u0131llard\u0131r k\u00fclt\u00fcrel kimli\u011fin ve sanatsal inceli\u011fin simgesi olarak varl\u0131\u011f\u0131n\u0131 s\u00fcrd\u00fcr\u00fcyor. B\u00fcy\u00fck bir sab\u0131r ve ince i\u015f\u00e7ilik gerektiren bu \u00f6zel gelenek, miras\u0131 ustal\u0131kla ya\u015fatan eller taraf\u0131ndan gelece\u011fe aktar\u0131l\u0131yor. Manisa\u2019n\u0131n \u015eehzadeler il\u00e7esindeki tarihi Kur\u015funlu Han\u2019daki at\u00f6lyesinde \u00f6nemli eserlere imza atan Kaligrafi Ustas\u0131 ve E\u011fitmeni Osman Sand\u0131k\u00e7\u0131, hem kaligrafiyle terapi buluyor hem de gelecek nesillere \u00f6\u011frenci yeti\u015ftiriyor.<br \/>\n<br \/>Her \u00fclkenin kendi kaligrafi sanat\u0131 oldu\u011funu belirten Sand\u0131k\u00e7\u0131, &#8220;Kaligrafi k\u0131sacas\u0131 g\u00fczel yaz\u0131 sanat\u0131 diye tabir edebiliriz. Her \u00fclke kendi alfabesini kullanarak ritmik kalem hareketleriyle yap\u0131lan g\u00fczel yaz\u0131 kaligrafiyi bu \u015fekilde tarif edebiliriz. Her \u00fclkenin kendi alfabesi var. D\u00fcnyaca \u00fcnl\u00fc kaligrafi olan \u00fclkeler Japonya \u00c7in, Hint kaligrafisi, Arap kaligrafisi, Latin kaligrafi, Yunan kaligrafisi bunlar d\u00fcnyada olan \u00f6nemli kaligrafi yapan \u00fclkeler. Kaligrafi genel anlam itibariyle de \u00fclkemizde Latin alfabesini ge\u00e7tikten sonra Profes\u00f6r Doktor Emin Bar\u0131n Avrupa\u2019da cilt sanat\u0131n\u0131 \u00f6\u011frenmek i\u00e7in Avrupa\u2019ya gitmi\u015f. Oradan kaligrafiyi \u00f6\u011frenerek T\u00fcrkiye\u2019ye getirmi\u015f. Emir Bar\u0131\u2019n\u0131n ya\u015fayan \u00f6rne\u011fi vard\u0131. Yak\u0131n zamanda kaybetti\u011fimiz rahmetli Ethem \u00c7al\u0131\u015fkan hocam\u0131z en canl\u0131 \u00f6rne\u011fiydi. Bir m\u00fcddet kaligrafi sanat\u0131n\u0131 Latin alfabeye ge\u00e7tikten sonra bu i\u015fi daha \u00e7ok hattatlar yapm\u0131\u015flar. Ama art\u0131k son y\u0131llarda kaligrafinin bir font i\u015fi oldu\u011fu ortaya \u00e7\u0131kt\u0131 ve son y\u0131llarda fontlara g\u00f6re Avrupa\u2019da yap\u0131ld\u0131\u011f\u0131 kaligrafi gibi yap\u0131l\u0131yor art\u0131k&#8221; dedi.<\/p>\n<p>Kaligrafiye ilgi yo\u011fun<br \/>\n<br \/>Kaligrafi sanat\u0131na ilginin yo\u011fun oldu\u011funu belirten Sand\u0131k\u00e7\u0131, &#8220;\u00c7ok ilgi var. \u00d6zellikle \u00e7al\u0131\u015fan \u00f6\u011fretmenlerden \u00e7ok talep al\u0131yoruz. \u00d6\u011fretmenler daha \u00e7ok istiyor ama onlar\u0131n \u00e7ok yeterli zaman\u0131 olmuyor. Biz zaman\u0131 ayarlamaya \u00e7al\u0131\u015f\u0131p kurslar\u0131 ona g\u00f6re y\u00f6nlendiriyoruz. Mesai saatleri i\u00e7erisinde ve mesai saati haricinde kaligrafi kurslar\u0131m\u0131z devam ediyor. \u0130steyen \u015eehzadeler Halk E\u011fitim Merkezine gidip kaligrafi kayd\u0131n\u0131 yapt\u0131rabilir. Akademik olarak kaligrafi kurslar\u0131m\u0131z yakla\u015f\u0131k bir kur kaligrafi 1, 4 ay s\u00fcr\u00fcyor. Kaligrafi 2 de 4 ay s\u00fcr\u00fcyor. Yakla\u015f\u0131k 8 ay sonra eser yapma a\u015famas\u0131na gelebiliyor&#8221; diye konu\u015ftu.<\/p>\n<p>&#8220;Kaligrafi benim i\u00e7in bir terapi&#8221;<br \/>\n<br \/>Kaligrafi sanat\u0131n\u0131n kendisi i\u00e7in ayn\u0131 zamanda bir terapi oldu\u011funu belirten Sand\u0131k\u00e7\u0131, &#8220;Tabii ki kaligrafi asl\u0131nda bir terapi. Yani ben kaligrafi yapt\u0131\u011f\u0131m zaman kendimi terapi ediyorum, rahatl\u0131yorum. Ayn\u0131 zamanda ah\u015fap sanat\u0131yla da u\u011fra\u015f\u0131yorum. Ah\u015fap oymac\u0131l\u0131\u011f\u0131 yap\u0131yorum. Ben s\u0131k\u0131ld\u0131\u011f\u0131m zaman kaligrafi yap\u0131yorum. Ondan s\u0131k\u0131ld\u0131\u011f\u0131m zaman ah\u015faba ge\u00e7iyorum, ah\u015fapla u\u011fra\u015f\u0131yorum. Bu \u015fekilde kendimi terapi ediyorum. Asl\u0131nda bu d\u00f6nemde \u015fu an var oldu\u011fumuz d\u00f6nemde her insan\u0131n bir \u015fekilde kendisini bir terapi etme y\u00f6ntemi olmal\u0131 diye d\u00fc\u015f\u00fcn\u00fcyorum&#8221; ifadelerini kulland\u0131.<br \/><\/p>\n","protected":false},"excerpt":{"rendered":"<p>Manisa\u2019da ya\u015fayan kaligrafi ustas\u0131 Osman Sand\u0131k\u00e7\u0131, \u00fcretti\u011fi eserlerle hem terapi buluyor hem de verdi\u011fi e\u011fitimlerle sanat\u0131n\u0131 gelece\u011fe aktar\u0131yor. Harfleri yaln\u0131zca bir yaz\u0131 bi\u00e7imi olmaktan \u00e7\u0131kararak estetik birer sanat eserine d\u00f6n\u00fc\u015ft\u00fcren kaligrafi sanat\u0131, Osmanl\u0131\u2019dan bu yana y\u00fczy\u0131llard\u0131r k\u00fclt\u00fcrel kimli\u011fin ve sanatsal inceli\u011fin simgesi olarak varl\u0131\u011f\u0131n\u0131 s\u00fcrd\u00fcr\u00fcyor. B\u00fcy\u00fck bir sab\u0131r ve ince i\u015f\u00e7ilik gerektiren bu \u00f6zel gelenek,&#8230;<\/p>\n","protected":false},"author":1,"featured_media":54568,"comment_status":"open","ping_status":"open","sticky":false,"template":"","format":"standard","meta":{"_crdt_document":"","footnotes":""},"categories":[1],"tags":[],"class_list":["post-54567","post","type-post","status-publish","format-standard","has-post-thumbnail","hentry","category-guncel"],"_links":{"self":[{"href":"https:\/\/www.egemtv.com\/index.php?rest_route=\/wp\/v2\/posts\/54567","targetHints":{"allow":["GET"]}}],"collection":[{"href":"https:\/\/www.egemtv.com\/index.php?rest_route=\/wp\/v2\/posts"}],"about":[{"href":"https:\/\/www.egemtv.com\/index.php?rest_route=\/wp\/v2\/types\/post"}],"author":[{"embeddable":true,"href":"https:\/\/www.egemtv.com\/index.php?rest_route=\/wp\/v2\/users\/1"}],"replies":[{"embeddable":true,"href":"https:\/\/www.egemtv.com\/index.php?rest_route=%2Fwp%2Fv2%2Fcomments&post=54567"}],"version-history":[{"count":1,"href":"https:\/\/www.egemtv.com\/index.php?rest_route=\/wp\/v2\/posts\/54567\/revisions"}],"predecessor-version":[{"id":54569,"href":"https:\/\/www.egemtv.com\/index.php?rest_route=\/wp\/v2\/posts\/54567\/revisions\/54569"}],"wp:featuredmedia":[{"embeddable":true,"href":"https:\/\/www.egemtv.com\/index.php?rest_route=\/wp\/v2\/media\/54568"}],"wp:attachment":[{"href":"https:\/\/www.egemtv.com\/index.php?rest_route=%2Fwp%2Fv2%2Fmedia&parent=54567"}],"wp:term":[{"taxonomy":"category","embeddable":true,"href":"https:\/\/www.egemtv.com\/index.php?rest_route=%2Fwp%2Fv2%2Fcategories&post=54567"},{"taxonomy":"post_tag","embeddable":true,"href":"https:\/\/www.egemtv.com\/index.php?rest_route=%2Fwp%2Fv2%2Ftags&post=54567"}],"curies":[{"name":"wp","href":"https:\/\/api.w.org\/{rel}","templated":true}]}}