{"id":54564,"date":"2025-09-13T10:56:11","date_gmt":"2025-09-13T07:56:11","guid":{"rendered":"https:\/\/www.egemtv.com\/?p=54564"},"modified":"2025-09-13T10:56:12","modified_gmt":"2025-09-13T07:56:12","slug":"izmirde-4-kilonun-uzerinde-kokain-ele-gecirildi","status":"publish","type":"post","link":"https:\/\/www.egemtv.com\/?p=54564","title":{"rendered":"\u0130zmir\u2019de 4 kilonun \u00fczerinde kokain ele ge\u00e7irildi"},"content":{"rendered":"<p>\u0130zmir\u2019de polis ekipleri taraf\u0131ndan bir adrese y\u00f6nelik operasyonda 4 kilo 300 gram kokain ve \u00e7ok say\u0131da silah ele ge\u00e7irildi. G\u00f6zalt\u0131na al\u0131nan 7 \u015f\u00fcpheli \u00e7\u0131kar\u0131ld\u0131klar\u0131 mahkemece tutukland\u0131.<br \/>\n<br \/>\u0130zmir Organize Su\u00e7larla M\u00fccadele \u015eube M\u00fcd\u00fcrl\u00fc\u011f\u00fcne ba\u011fl\u0131 Alia\u011fa Organize Su\u00e7lar B\u00fcro Amirli\u011fi ve \u0130zmir Narkotik Su\u00e7larla M\u00fccadele \u015eube M\u00fcd\u00fcrl\u00fc\u011f\u00fc ekipleri, Alia\u011fa, Dikili ve Menemen il\u00e7elerinde silah ve m\u00fchimmat\u0131 ticareti ile Uyu\u015fturucu Madde Ticareti yapan \u015fah\u0131slara y\u00f6nelik \u00e7al\u0131\u015fma y\u00fcr\u00fctt\u00fc. Y\u00fcr\u00fct\u00fclen teknik ve fiziki takibin ard\u0131ndan adrese ger\u00e7ekle\u015ftirilen operasyonda, 200 bin dolar de\u011ferinde 4 kilo 300 gram kokain, 6 adet tabanca ve 6 adet \u015farj\u00f6r, 2 adet otomatik av t\u00fcfe\u011fi ve 246 adet tabanca fi\u015fe\u011fi ele ge\u00e7irildi.<br \/>\n<br \/>Ayr\u0131ca aranan \u015fah\u0131slara y\u00f6nelik yap\u0131lan \u00e7al\u0131\u015fmalarda 13 ayr\u0131 su\u00e7tan aranan, hakk\u0131nda 11 y\u0131l kesinle\u015fmi\u015f hapis cezas\u0131 bulunan bir \u015fah\u0131s yakaland\u0131.<br \/><\/p>\n","protected":false},"excerpt":{"rendered":"<p>\u0130zmir\u2019de polis ekipleri taraf\u0131ndan bir adrese y\u00f6nelik operasyonda 4 kilo 300 gram kokain ve \u00e7ok say\u0131da silah ele ge\u00e7irildi. G\u00f6zalt\u0131na al\u0131nan 7 \u015f\u00fcpheli \u00e7\u0131kar\u0131ld\u0131klar\u0131 mahkemece tutukland\u0131. \u0130zmir Organize Su\u00e7larla M\u00fccadele \u015eube M\u00fcd\u00fcrl\u00fc\u011f\u00fcne ba\u011fl\u0131 Alia\u011fa Organize Su\u00e7lar B\u00fcro Amirli\u011fi ve \u0130zmir Narkotik Su\u00e7larla M\u00fccadele \u015eube M\u00fcd\u00fcrl\u00fc\u011f\u00fc ekipleri, Alia\u011fa, Dikili ve Menemen il\u00e7elerinde silah ve m\u00fchimmat\u0131 ticareti&#8230;<\/p>\n","protected":false},"author":1,"featured_media":54565,"comment_status":"open","ping_status":"open","sticky":false,"template":"","format":"standard","meta":{"_crdt_document":"","footnotes":""},"categories":[5],"tags":[],"class_list":["post-54564","post","type-post","status-publish","format-standard","has-post-thumbnail","hentry","category-asayis"],"_links":{"self":[{"href":"https:\/\/www.egemtv.com\/index.php?rest_route=\/wp\/v2\/posts\/54564","targetHints":{"allow":["GET"]}}],"collection":[{"href":"https:\/\/www.egemtv.com\/index.php?rest_route=\/wp\/v2\/posts"}],"about":[{"href":"https:\/\/www.egemtv.com\/index.php?rest_route=\/wp\/v2\/types\/post"}],"author":[{"embeddable":true,"href":"https:\/\/www.egemtv.com\/index.php?rest_route=\/wp\/v2\/users\/1"}],"replies":[{"embeddable":true,"href":"https:\/\/www.egemtv.com\/index.php?rest_route=%2Fwp%2Fv2%2Fcomments&post=54564"}],"version-history":[{"count":1,"href":"https:\/\/www.egemtv.com\/index.php?rest_route=\/wp\/v2\/posts\/54564\/revisions"}],"predecessor-version":[{"id":54566,"href":"https:\/\/www.egemtv.com\/index.php?rest_route=\/wp\/v2\/posts\/54564\/revisions\/54566"}],"wp:featuredmedia":[{"embeddable":true,"href":"https:\/\/www.egemtv.com\/index.php?rest_route=\/wp\/v2\/media\/54565"}],"wp:attachment":[{"href":"https:\/\/www.egemtv.com\/index.php?rest_route=%2Fwp%2Fv2%2Fmedia&parent=54564"}],"wp:term":[{"taxonomy":"category","embeddable":true,"href":"https:\/\/www.egemtv.com\/index.php?rest_route=%2Fwp%2Fv2%2Fcategories&post=54564"},{"taxonomy":"post_tag","embeddable":true,"href":"https:\/\/www.egemtv.com\/index.php?rest_route=%2Fwp%2Fv2%2Ftags&post=54564"}],"curies":[{"name":"wp","href":"https:\/\/api.w.org\/{rel}","templated":true}]}}