{"id":54561,"date":"2025-09-13T10:34:58","date_gmt":"2025-09-13T07:34:58","guid":{"rendered":"https:\/\/www.egemtv.com\/?p=54561"},"modified":"2025-09-13T10:34:59","modified_gmt":"2025-09-13T07:34:59","slug":"nazillide-asilama-calismalari-suruyor","status":"publish","type":"post","link":"https:\/\/www.egemtv.com\/?p=54561","title":{"rendered":"Nazilli\u2019de a\u015f\u0131lama \u00e7al\u0131\u015fmalar\u0131 s\u00fcr\u00fcyor"},"content":{"rendered":"<p>Ayd\u0131n\u2019\u0131n Nazilli il\u00e7esinde \u015fap hastal\u0131\u011f\u0131ndan korunmak i\u00e7in hayvanlar\u0131 a\u015f\u0131lama \u00e7al\u0131\u015fmalar\u0131n\u0131n hafta sonu da devam etti\u011fi a\u00e7\u0131kland\u0131.<\/p>\n<p>Nazilli Tar\u0131m Orman M\u00fcd\u00fcrl\u00fc\u011f\u00fc\u2019nden yap\u0131lan a\u00e7\u0131klamada, &#8221; \u0130l\u00e7emizde bulunan b\u00fcy\u00fckba\u015f hayvanlar\u0131n, \u015fap hastal\u0131\u011f\u0131ndan korumas\u0131 amac\u0131yla a\u015f\u0131lama faaliyetleri hafta sonu da devam etmektedir. K\u0131sa s\u00fcre sonunda il\u00e7emizdeki b\u00fct\u00fcn mahallelerde a\u015f\u0131lama \u00e7al\u0131\u015fmalar\u0131 tamamlanacakt\u0131r. Tedavisi olmayan \u015fap hastal\u0131\u011f\u0131ndan korunman\u0131n yolunun sadece a\u015f\u0131lama oldu\u011funu unutmay\u0131n\u0131z. Son zamanlarda dola\u015fan &#8220;\u015fap a\u015f\u0131s\u0131 yap\u0131lan s\u0131\u011f\u0131rlar\u0131n hastal\u0131\u011fa yakaland\u0131\u011f\u0131&#8221; y\u00f6n\u00fcndeki as\u0131ls\u0131z s\u00f6ylentilere itibar etmeyiniz. \u00dclkemizde y\u0131llard\u0131r uygulanan \u015fap a\u015f\u0131lamas\u0131ndan bu g\u00fcne kadar \u015fap hastal\u0131\u011f\u0131na yakalanan tek bir hayvan olmam\u0131\u015ft\u0131r. Sa\u011fl\u0131kl\u0131 ve bereketli g\u00fcnler dileriz&#8221; dedi.<br \/><\/p>\n","protected":false},"excerpt":{"rendered":"<p>Ayd\u0131n\u2019\u0131n Nazilli il\u00e7esinde \u015fap hastal\u0131\u011f\u0131ndan korunmak i\u00e7in hayvanlar\u0131 a\u015f\u0131lama \u00e7al\u0131\u015fmalar\u0131n\u0131n hafta sonu da devam etti\u011fi a\u00e7\u0131kland\u0131. Nazilli Tar\u0131m Orman M\u00fcd\u00fcrl\u00fc\u011f\u00fc\u2019nden yap\u0131lan a\u00e7\u0131klamada, &#8221; \u0130l\u00e7emizde bulunan b\u00fcy\u00fckba\u015f hayvanlar\u0131n, \u015fap hastal\u0131\u011f\u0131ndan korumas\u0131 amac\u0131yla a\u015f\u0131lama faaliyetleri hafta sonu da devam etmektedir. K\u0131sa s\u00fcre sonunda il\u00e7emizdeki b\u00fct\u00fcn mahallelerde a\u015f\u0131lama \u00e7al\u0131\u015fmalar\u0131 tamamlanacakt\u0131r. Tedavisi olmayan \u015fap hastal\u0131\u011f\u0131ndan korunman\u0131n yolunun sadece a\u015f\u0131lama&#8230;<\/p>\n","protected":false},"author":1,"featured_media":54562,"comment_status":"open","ping_status":"open","sticky":false,"template":"","format":"standard","meta":{"_crdt_document":"","footnotes":""},"categories":[1],"tags":[],"class_list":["post-54561","post","type-post","status-publish","format-standard","has-post-thumbnail","hentry","category-guncel"],"_links":{"self":[{"href":"https:\/\/www.egemtv.com\/index.php?rest_route=\/wp\/v2\/posts\/54561","targetHints":{"allow":["GET"]}}],"collection":[{"href":"https:\/\/www.egemtv.com\/index.php?rest_route=\/wp\/v2\/posts"}],"about":[{"href":"https:\/\/www.egemtv.com\/index.php?rest_route=\/wp\/v2\/types\/post"}],"author":[{"embeddable":true,"href":"https:\/\/www.egemtv.com\/index.php?rest_route=\/wp\/v2\/users\/1"}],"replies":[{"embeddable":true,"href":"https:\/\/www.egemtv.com\/index.php?rest_route=%2Fwp%2Fv2%2Fcomments&post=54561"}],"version-history":[{"count":1,"href":"https:\/\/www.egemtv.com\/index.php?rest_route=\/wp\/v2\/posts\/54561\/revisions"}],"predecessor-version":[{"id":54563,"href":"https:\/\/www.egemtv.com\/index.php?rest_route=\/wp\/v2\/posts\/54561\/revisions\/54563"}],"wp:featuredmedia":[{"embeddable":true,"href":"https:\/\/www.egemtv.com\/index.php?rest_route=\/wp\/v2\/media\/54562"}],"wp:attachment":[{"href":"https:\/\/www.egemtv.com\/index.php?rest_route=%2Fwp%2Fv2%2Fmedia&parent=54561"}],"wp:term":[{"taxonomy":"category","embeddable":true,"href":"https:\/\/www.egemtv.com\/index.php?rest_route=%2Fwp%2Fv2%2Fcategories&post=54561"},{"taxonomy":"post_tag","embeddable":true,"href":"https:\/\/www.egemtv.com\/index.php?rest_route=%2Fwp%2Fv2%2Ftags&post=54561"}],"curies":[{"name":"wp","href":"https:\/\/api.w.org\/{rel}","templated":true}]}}