{"id":54558,"date":"2025-09-13T10:34:57","date_gmt":"2025-09-13T07:34:57","guid":{"rendered":"https:\/\/www.egemtv.com\/?p=54558"},"modified":"2025-09-13T10:34:58","modified_gmt":"2025-09-13T07:34:58","slug":"turkiye-oryantiring-sampiyonasi-aliagada-yapilacak","status":"publish","type":"post","link":"https:\/\/www.egemtv.com\/?p=54558","title":{"rendered":"T\u00fcrkiye Oryantiring \u015eampiyonas\u0131, Alia\u011fa\u2019da yap\u0131lacak"},"content":{"rendered":"<p>T\u00fcrkiye Oryantiring Federasyonu\u2019nun faaliyet takviminde yer alan \u20193. Kademe T\u00fcrkiye Oryantiring \u015eampiyonas\u0131\u2019 10-11 Ocak 2026 tarihlerinde Alia\u011fa\u2019da ger\u00e7ekle\u015ftirilecek. Yakla\u015f\u0131k bin 700 sporcunun kat\u0131l\u0131m\u0131yla d\u00fczenlenecek dev organizasyon i\u00e7in Alia\u011fa Belediyesi ile T\u00fcrkiye Oryantiring Federasyonu aras\u0131nda i\u015f birli\u011fi protokol\u00fc imzaland\u0131.<br \/>\n<br \/>Alia\u011fa Belediyesi\u2019nde ger\u00e7ekle\u015ftirilen imza t\u00f6renine; Alia\u011fa Belediye Ba\u015fkan\u0131 Serkan Acar, T\u00fcrkiye Oryantiring Federasyonu Ba\u015fkan\u0131 Atilla G\u00fcler, \u0130l\u00e7e Gen\u00e7lik ve Spor M\u00fcd\u00fcr\u00fc \u00d6zlem G\u00fcnay Karata\u015f, Oryantiring Federasyonu Harita Kurul Ba\u015fkan\u0131 Naz\u0131m Altun, Oryantiring \u0130zmir \u0130l Temsilcisi ve Yar\u0131\u015fman\u0131n Etkinlik Direkt\u00f6r\u00fc Harun Altun ile Organizasyon Sorumlusu Cengiz Altun kat\u0131ld\u0131. \u015eampiyonan\u0131n kente \u00f6nemli bir hareketlilik kazand\u0131raca\u011f\u0131n\u0131 belirten yetkililer, organizasyonun Alia\u011fa\u2019da hem spor turizmine hem de kentin tan\u0131t\u0131m\u0131na katk\u0131 sa\u011flayaca\u011f\u0131n\u0131 ifade etti.<br \/>\n<br \/>Oryantiring \u0130zmir \u0130l Temsilcisi ve Yar\u0131\u015fman\u0131n Etkinlik Direkt\u00f6r\u00fc Harun Altun, Alia\u011fa\u2019n\u0131n bu b\u00fcy\u00fck organizasyona ev sahipli\u011fi yapmas\u0131n\u0131n \u00f6nemine dikkat \u00e7ekerek \u015funlar\u0131 s\u00f6yledi:<br \/>\n<br \/>&#8220;Belediyemizin oryantiring sporuna ve sporculara verdi\u011fi g\u00fc\u00e7l\u00fc destek, bu \u015fampiyonan\u0131n Alia\u011fa\u2019da ger\u00e7ekle\u015fmesine b\u00fcy\u00fck katk\u0131 sa\u011flad\u0131. T\u00fcrkiye\u2019nin d\u00f6rt bir yan\u0131ndan gelecek sporcular\u0131n yan\u0131 s\u0131ra izleyiciler i\u00e7in de unutulmaz bir deneyim olacak. Bu organizasyonun, halk\u0131m\u0131z\u0131n oryantiring sporunu yak\u0131ndan tan\u0131mas\u0131na \u00f6nemli katk\u0131lar sunaca\u011f\u0131na inan\u0131yoruz.&#8221;<\/p>\n<p>Alia\u011fa, bin 700 sporcuyu a\u011f\u0131rlayacak<br \/>\n<br \/>Do\u011fada harita ve pusula yard\u0131m\u0131yla en k\u0131sa s\u00fcrede hedefi bulmaya dayal\u0131 bir spor dal\u0131 olan oryantiring, son y\u0131llarda T\u00fcrkiye\u2019de h\u0131zla yayg\u0131nla\u015f\u0131yor. Alia\u011fa\u2019da d\u00fczenlenecek \u015fampiyonada farkl\u0131 ya\u015f gruplar\u0131ndan yakla\u015f\u0131k bin 700 sporcu, birbirinden zorlu parkurlarda k\u0131yas\u0131ya m\u00fccadele edecek.<br \/>\n<br \/>Alia\u011fa Belediyesi\u2019nin ev sahipli\u011finde ger\u00e7ekle\u015fecek 3. Kademe T\u00fcrkiye Oryantiring \u015eampiyonas\u0131, kentin sosyal ve k\u00fclt\u00fcrel hayat\u0131na da renk katacak.<br \/><\/p>\n","protected":false},"excerpt":{"rendered":"<p>T\u00fcrkiye Oryantiring Federasyonu\u2019nun faaliyet takviminde yer alan \u20193. Kademe T\u00fcrkiye Oryantiring \u015eampiyonas\u0131\u2019 10-11 Ocak 2026 tarihlerinde Alia\u011fa\u2019da ger\u00e7ekle\u015ftirilecek. Yakla\u015f\u0131k bin 700 sporcunun kat\u0131l\u0131m\u0131yla d\u00fczenlenecek dev organizasyon i\u00e7in Alia\u011fa Belediyesi ile T\u00fcrkiye Oryantiring Federasyonu aras\u0131nda i\u015f birli\u011fi protokol\u00fc imzaland\u0131. Alia\u011fa Belediyesi\u2019nde ger\u00e7ekle\u015ftirilen imza t\u00f6renine; Alia\u011fa Belediye Ba\u015fkan\u0131 Serkan Acar, T\u00fcrkiye Oryantiring Federasyonu Ba\u015fkan\u0131 Atilla G\u00fcler, \u0130l\u00e7e&#8230;<\/p>\n","protected":false},"author":1,"featured_media":54559,"comment_status":"open","ping_status":"open","sticky":false,"template":"","format":"standard","meta":{"_crdt_document":"","footnotes":""},"categories":[4],"tags":[],"class_list":["post-54558","post","type-post","status-publish","format-standard","has-post-thumbnail","hentry","category-spor"],"_links":{"self":[{"href":"https:\/\/www.egemtv.com\/index.php?rest_route=\/wp\/v2\/posts\/54558","targetHints":{"allow":["GET"]}}],"collection":[{"href":"https:\/\/www.egemtv.com\/index.php?rest_route=\/wp\/v2\/posts"}],"about":[{"href":"https:\/\/www.egemtv.com\/index.php?rest_route=\/wp\/v2\/types\/post"}],"author":[{"embeddable":true,"href":"https:\/\/www.egemtv.com\/index.php?rest_route=\/wp\/v2\/users\/1"}],"replies":[{"embeddable":true,"href":"https:\/\/www.egemtv.com\/index.php?rest_route=%2Fwp%2Fv2%2Fcomments&post=54558"}],"version-history":[{"count":1,"href":"https:\/\/www.egemtv.com\/index.php?rest_route=\/wp\/v2\/posts\/54558\/revisions"}],"predecessor-version":[{"id":54560,"href":"https:\/\/www.egemtv.com\/index.php?rest_route=\/wp\/v2\/posts\/54558\/revisions\/54560"}],"wp:featuredmedia":[{"embeddable":true,"href":"https:\/\/www.egemtv.com\/index.php?rest_route=\/wp\/v2\/media\/54559"}],"wp:attachment":[{"href":"https:\/\/www.egemtv.com\/index.php?rest_route=%2Fwp%2Fv2%2Fmedia&parent=54558"}],"wp:term":[{"taxonomy":"category","embeddable":true,"href":"https:\/\/www.egemtv.com\/index.php?rest_route=%2Fwp%2Fv2%2Fcategories&post=54558"},{"taxonomy":"post_tag","embeddable":true,"href":"https:\/\/www.egemtv.com\/index.php?rest_route=%2Fwp%2Fv2%2Ftags&post=54558"}],"curies":[{"name":"wp","href":"https:\/\/api.w.org\/{rel}","templated":true}]}}