{"id":54555,"date":"2025-09-13T09:54:55","date_gmt":"2025-09-13T06:54:55","guid":{"rendered":"https:\/\/www.egemtv.com\/?p=54555"},"modified":"2025-09-13T09:54:56","modified_gmt":"2025-09-13T06:54:56","slug":"aydinda-15-yildir-sanayi-esnafini-serinletiyor","status":"publish","type":"post","link":"https:\/\/www.egemtv.com\/?p=54555","title":{"rendered":"Ayd\u0131n\u2019da 15 y\u0131ld\u0131r sanayi esnaf\u0131n\u0131 serinletiyor"},"content":{"rendered":"<p>Ayd\u0131n\u2019\u0131n Efeler il\u00e7esinde seyyar arac\u0131na y\u00fckledi\u011fi karlar ile sokak sokak dola\u015fan Yusuf Bozkurt, Ayd\u0131n\u2019\u0131n sevilen lezzeti kar helvas\u0131 ile yaz aylar\u0131nda 15 y\u0131ld\u0131r sanayi esnaf\u0131n\u0131 serinletiyor.<\/p>\n<p>Ayd\u0131n\u2019\u0131n Efeler il\u00e7esinde seyyar arac\u0131yla sokak sokak dola\u015fan Yusuf Bozkurt, 15 y\u0131ld\u0131r yaz aylar\u0131n\u0131n vazge\u00e7ilmez lezzeti olan kar helvas\u0131yla sanayi esnaf\u0131n\u0131 serinletiyor. S\u0131cak havalarda seyyar arabas\u0131na y\u00fckledi\u011fi karlarla yola \u00e7\u0131kan Bozkurt, y\u0131llard\u0131r sanayi b\u00f6lgesinde esnaf\u0131n ilk tercihi haline geldi. Yaz aylar\u0131nda kar helvas\u0131, k\u0131\u015f aylar\u0131nda ise \u00e7ay ve salep satt\u0131\u011f\u0131n\u0131 belirten Yusuf Bozkurt, esnafa hem serinlik hem de geleneksel lezzet sundu\u011funu ifade etti.<\/p>\n<p>Kar helvas\u0131n\u0131n Ayd\u0131n\u2019\u0131n en sevilen serinletici lezzetlerinden oldu\u011funu ifade eden Bozkurt, &#8220;15 y\u0131ld\u0131r kar helvas\u0131 sat\u0131\u015f\u0131 yap\u0131yorum. Seyyar olarak sokak sokak geziyorum. S\u0131cak havalarda esnaf\u0131m\u0131z\u0131 serinletiyorum. Yaz\u0131n kar helvas\u0131, k\u0131\u015f\u0131n da \u00e7ay ve salep sat\u0131yorum. K\u00fc\u00e7\u00fck bardaktaki kar helvas\u0131 40 TL, b\u00fcy\u00fck bardaktaki 50 TL. Ayd\u0131n\u0131m\u0131z\u0131n yaz aylar\u0131nda vazge\u00e7ilmez lezzeti bu kar helvas\u0131. \u00c7ok \u015f\u00fck\u00fcr i\u015fler iyi&#8221; dedi.<br \/><\/p>\n","protected":false},"excerpt":{"rendered":"<p>Ayd\u0131n\u2019\u0131n Efeler il\u00e7esinde seyyar arac\u0131na y\u00fckledi\u011fi karlar ile sokak sokak dola\u015fan Yusuf Bozkurt, Ayd\u0131n\u2019\u0131n sevilen lezzeti kar helvas\u0131 ile yaz aylar\u0131nda 15 y\u0131ld\u0131r sanayi esnaf\u0131n\u0131 serinletiyor. Ayd\u0131n\u2019\u0131n Efeler il\u00e7esinde seyyar arac\u0131yla sokak sokak dola\u015fan Yusuf Bozkurt, 15 y\u0131ld\u0131r yaz aylar\u0131n\u0131n vazge\u00e7ilmez lezzeti olan kar helvas\u0131yla sanayi esnaf\u0131n\u0131 serinletiyor. S\u0131cak havalarda seyyar arabas\u0131na y\u00fckledi\u011fi karlarla yola&#8230;<\/p>\n","protected":false},"author":1,"featured_media":54556,"comment_status":"open","ping_status":"open","sticky":false,"template":"","format":"standard","meta":{"_crdt_document":"","footnotes":""},"categories":[1],"tags":[],"class_list":["post-54555","post","type-post","status-publish","format-standard","has-post-thumbnail","hentry","category-guncel"],"_links":{"self":[{"href":"https:\/\/www.egemtv.com\/index.php?rest_route=\/wp\/v2\/posts\/54555","targetHints":{"allow":["GET"]}}],"collection":[{"href":"https:\/\/www.egemtv.com\/index.php?rest_route=\/wp\/v2\/posts"}],"about":[{"href":"https:\/\/www.egemtv.com\/index.php?rest_route=\/wp\/v2\/types\/post"}],"author":[{"embeddable":true,"href":"https:\/\/www.egemtv.com\/index.php?rest_route=\/wp\/v2\/users\/1"}],"replies":[{"embeddable":true,"href":"https:\/\/www.egemtv.com\/index.php?rest_route=%2Fwp%2Fv2%2Fcomments&post=54555"}],"version-history":[{"count":1,"href":"https:\/\/www.egemtv.com\/index.php?rest_route=\/wp\/v2\/posts\/54555\/revisions"}],"predecessor-version":[{"id":54557,"href":"https:\/\/www.egemtv.com\/index.php?rest_route=\/wp\/v2\/posts\/54555\/revisions\/54557"}],"wp:featuredmedia":[{"embeddable":true,"href":"https:\/\/www.egemtv.com\/index.php?rest_route=\/wp\/v2\/media\/54556"}],"wp:attachment":[{"href":"https:\/\/www.egemtv.com\/index.php?rest_route=%2Fwp%2Fv2%2Fmedia&parent=54555"}],"wp:term":[{"taxonomy":"category","embeddable":true,"href":"https:\/\/www.egemtv.com\/index.php?rest_route=%2Fwp%2Fv2%2Fcategories&post=54555"},{"taxonomy":"post_tag","embeddable":true,"href":"https:\/\/www.egemtv.com\/index.php?rest_route=%2Fwp%2Fv2%2Ftags&post=54555"}],"curies":[{"name":"wp","href":"https:\/\/api.w.org\/{rel}","templated":true}]}}