{"id":54552,"date":"2025-09-13T09:54:54","date_gmt":"2025-09-13T06:54:54","guid":{"rendered":"https:\/\/www.egemtv.com\/?p=54552"},"modified":"2025-09-13T09:54:55","modified_gmt":"2025-09-13T06:54:55","slug":"yillar-sonra-kusadasinda-kum-zambagi-acti","status":"publish","type":"post","link":"https:\/\/www.egemtv.com\/?p=54552","title":{"rendered":"Y\u0131llar Sonra Ku\u015fadas\u0131\u2019nda Kum Zamba\u011f\u0131 A\u00e7t\u0131"},"content":{"rendered":"<p>Ku\u015fadas\u0131 sahillerinde Kum zamba\u011f\u0131 (Pancratium maritimum L.), uzun y\u0131llar sonra beyaz \u00e7i\u00e7eklerini a\u00e7t\u0131.<\/p>\n<p>1980\u2019li ve 1990\u2019l\u0131 y\u0131llarda Ku\u015fadas\u0131\u2019n\u0131n k\u0131y\u0131 kumullar\u0131nda yo\u011fun olarak g\u00f6r\u00fclen kum zambaklar\u0131, yazl\u0131k konutlar\u0131n h\u0131zla yay\u0131ld\u0131\u011f\u0131 k\u0131y\u0131 b\u00f6lgelerinde b\u00fcy\u00fck \u00f6l\u00e7\u00fcde yok oldu. Y\u0131llar sonra, G\u00fczel\u00e7aml\u0131 G\u00f6lkent Sitesi \u00f6n\u00fcnde a\u00e7an tek bir kum zamba\u011f\u0131, ge\u00e7mi\u015fteki sahil manzaralar\u0131n\u0131 ve eski yo\u011funlukta kum zamba\u011f\u0131 g\u00f6rme umudunu yeniden ak\u0131llara getirdi.<\/p>\n<p>Uzmanlar, kumullar korunarak kullan\u0131ld\u0131\u011f\u0131 s\u00fcrece kum zambaklar\u0131n\u0131n \u00e7o\u011falmas\u0131n\u0131n m\u00fcmk\u00fcn oldu\u011funu belirtiyor. Ku\u015fadas\u0131\u2019ndan Milli Park\u2019a kadar uzanan yakla\u015f\u0131k 20 kilometrelik k\u0131y\u0131 \u015feridi, hala kumullarla dolu. Ancak yaz d\u00f6neminde binlerce insan\u0131n kulland\u0131\u011f\u0131 kumullar, \u00f6zellikle do\u011fru ve temiz kullan\u0131lmad\u0131\u011f\u0131nda \u00e7evre kirlili\u011fine yol a\u00e7\u0131yor.<\/p>\n<p>Belediye ekipleri, kirlenen kumullar\u0131 s\u00fcrekli temizlemek i\u00e7in \u00e7al\u0131\u015fmalar y\u00fcr\u00fct\u00fcyor. Kumullar\u0131n \u00fczerinde ara\u00e7lar\u0131n dola\u015fmas\u0131, Pamucak sahillerinde oldu\u011fu gibi kum zambaklar\u0131n\u0131n yok olmas\u0131na sebep oluyor. Ayn\u0131 zamanda, her y\u0131l say\u0131s\u0131 artan Caretta caretta yuvalar\u0131 da ciddi tehdit alt\u0131nda. Yuva kontrollerinde, yuvalar\u0131n i\u00e7inde \u00e7ocuk bezi, bira kapa\u011f\u0131 ve plastik at\u0131klar bulunuyor.<\/p>\n<p>Yetkililer, &#8220;Plajlarda kuma at\u0131lan her madde kumun i\u00e7inde kayboluyor. Belediye temizlik ara\u00e7lar\u0131 bu at\u0131klar\u0131 temizlerken, ba\u015fka canl\u0131lar\u0131n ya\u015fam\u0131 tehlikeye giriyor. Bunun d\u0131\u015f\u0131nda g\u00f6zle g\u00f6remedi\u011fimiz mikroplastikler de kumda bulunuyor. Binlerce \u00e7ocuk bu kumlarla oynuyor ve mikroplastikler denize kar\u0131\u015f\u0131yor, bir\u00e7ok deniz canl\u0131s\u0131na ula\u015f\u0131yor&#8221; uyar\u0131s\u0131nda bulundu.<\/p>\n<p>G\u00fczel\u00e7aml\u0131\u2019da a\u00e7an tek kum zamba\u011f\u0131 sembolik bir anlam ta\u015f\u0131yor. EKODOSD yetkilileri, &#8220;Umar\u0131z ge\u00e7mi\u015f y\u0131llardaki gibi Ku\u015fadas\u0131 sahillerinde tekrar kum zambaklar\u0131 a\u00e7ar. Herkes kumullar\u0131 temiz kullan\u0131r, Caretta carettalar gelmeye devam eder ve plajlara gelen herkes getirdi\u011fini geri g\u00f6t\u00fcr\u00fcrse, kumullar\u0131 birlikte korumak m\u00fcmk\u00fcn&#8221; dedi.<br \/><\/p>\n","protected":false},"excerpt":{"rendered":"<p>Ku\u015fadas\u0131 sahillerinde Kum zamba\u011f\u0131 (Pancratium maritimum L.), uzun y\u0131llar sonra beyaz \u00e7i\u00e7eklerini a\u00e7t\u0131. 1980\u2019li ve 1990\u2019l\u0131 y\u0131llarda Ku\u015fadas\u0131\u2019n\u0131n k\u0131y\u0131 kumullar\u0131nda yo\u011fun olarak g\u00f6r\u00fclen kum zambaklar\u0131, yazl\u0131k konutlar\u0131n h\u0131zla yay\u0131ld\u0131\u011f\u0131 k\u0131y\u0131 b\u00f6lgelerinde b\u00fcy\u00fck \u00f6l\u00e7\u00fcde yok oldu. Y\u0131llar sonra, G\u00fczel\u00e7aml\u0131 G\u00f6lkent Sitesi \u00f6n\u00fcnde a\u00e7an tek bir kum zamba\u011f\u0131, ge\u00e7mi\u015fteki sahil manzaralar\u0131n\u0131 ve eski yo\u011funlukta kum zamba\u011f\u0131 g\u00f6rme&#8230;<\/p>\n","protected":false},"author":1,"featured_media":54553,"comment_status":"open","ping_status":"open","sticky":false,"template":"","format":"standard","meta":{"_crdt_document":"","footnotes":""},"categories":[1],"tags":[],"class_list":["post-54552","post","type-post","status-publish","format-standard","has-post-thumbnail","hentry","category-guncel"],"_links":{"self":[{"href":"https:\/\/www.egemtv.com\/index.php?rest_route=\/wp\/v2\/posts\/54552","targetHints":{"allow":["GET"]}}],"collection":[{"href":"https:\/\/www.egemtv.com\/index.php?rest_route=\/wp\/v2\/posts"}],"about":[{"href":"https:\/\/www.egemtv.com\/index.php?rest_route=\/wp\/v2\/types\/post"}],"author":[{"embeddable":true,"href":"https:\/\/www.egemtv.com\/index.php?rest_route=\/wp\/v2\/users\/1"}],"replies":[{"embeddable":true,"href":"https:\/\/www.egemtv.com\/index.php?rest_route=%2Fwp%2Fv2%2Fcomments&post=54552"}],"version-history":[{"count":1,"href":"https:\/\/www.egemtv.com\/index.php?rest_route=\/wp\/v2\/posts\/54552\/revisions"}],"predecessor-version":[{"id":54554,"href":"https:\/\/www.egemtv.com\/index.php?rest_route=\/wp\/v2\/posts\/54552\/revisions\/54554"}],"wp:featuredmedia":[{"embeddable":true,"href":"https:\/\/www.egemtv.com\/index.php?rest_route=\/wp\/v2\/media\/54553"}],"wp:attachment":[{"href":"https:\/\/www.egemtv.com\/index.php?rest_route=%2Fwp%2Fv2%2Fmedia&parent=54552"}],"wp:term":[{"taxonomy":"category","embeddable":true,"href":"https:\/\/www.egemtv.com\/index.php?rest_route=%2Fwp%2Fv2%2Fcategories&post=54552"},{"taxonomy":"post_tag","embeddable":true,"href":"https:\/\/www.egemtv.com\/index.php?rest_route=%2Fwp%2Fv2%2Ftags&post=54552"}],"curies":[{"name":"wp","href":"https:\/\/api.w.org\/{rel}","templated":true}]}}