{"id":54549,"date":"2025-09-13T00:54:53","date_gmt":"2025-09-12T21:54:53","guid":{"rendered":"https:\/\/www.egemtv.com\/?p=54549"},"modified":"2025-09-13T00:54:54","modified_gmt":"2025-09-12T21:54:54","slug":"ispartada-vatandaslar-a-milli-erkek-basketbol-takiminin-zaferini-dev-ekrandan-izlediler","status":"publish","type":"post","link":"https:\/\/www.egemtv.com\/?p=54549","title":{"rendered":"Isparta\u2019da vatanda\u015flar A Milli Erkek Basketbol Tak\u0131m\u0131\u2019n\u0131n zaferini dev ekrandan izlediler"},"content":{"rendered":"<p>Isparta Belediyesi, A Milli Erkek Basketbol Tak\u0131m\u0131\u2019n\u0131n EuroBasket 2025 yar\u0131 finalinde Yunanistan\u2019\u0131 94-68 yendi\u011fi ma\u00e7 i\u00e7in 15 Temmuz Cumhuriyet ve Demokrasi Meydan\u0131\u2019na dev ekran kurdu. Vatanda\u015flar, belediyenin kurdu\u011fu ekrandan ma\u00e7\u0131 takip ederek, m\u00fcsabaka sonunda b\u00fcy\u00fck sevin\u00e7 ya\u015fad\u0131.<br \/>\n<br \/>A Milli Erkek Basketbol Tak\u0131m\u0131, EuroBasket 2025 yar\u0131 final ma\u00e7\u0131nda Yunanistan ile kar\u015f\u0131 kar\u015f\u0131ya geldi. Arena Riga\u2019da oynanan ma\u00e7ta A Milli Erkek Basketbol Tak\u0131m\u0131, ilk periyodu 26-16, ikinci periyotu 49-31 ve \u00fc\u00e7\u00fcnc\u00fc periyotu 72-51 \u00f6nde tamamlarken, son periyotta 94-68 galip geldi. A Milli Erkek Basketbol Tak\u0131m\u0131, turnuvada nama\u011flup olarak finale ad\u0131n\u0131 yazd\u0131rd\u0131. Isparta Belediyesi, A Milli Erkek Basketbol Tak\u0131m\u0131 ile Yunanistan aras\u0131nda oynanan m\u00fcsabaka i\u00e7in 15 Temmuz Cumhuriyet ve Demokrasi Meydan\u0131\u2019na dev ekran kurdu. Sporseverler 12 Dev Adam\u2019\u0131n finale giden bu zafer gecesini a\u00e7\u0131k havada dev ekrandan takip etti. Isparta Belediye Ba\u015fkan Yard\u0131mc\u0131lar\u0131 ve belediye meclis \u00fcyeleri de vatanda\u015flarla birlikte meydanda ma\u00e7\u0131 izledi. Vatanda\u015flar\u0131n ma\u00e7a ilgisi yo\u011fun oldu. Ma\u00e7\u0131n tamamlanmas\u0131yla meydanda b\u00fcy\u00fck co\u015fku ya\u015fand\u0131.<br \/><\/p>\n","protected":false},"excerpt":{"rendered":"<p>Isparta Belediyesi, A Milli Erkek Basketbol Tak\u0131m\u0131\u2019n\u0131n EuroBasket 2025 yar\u0131 finalinde Yunanistan\u2019\u0131 94-68 yendi\u011fi ma\u00e7 i\u00e7in 15 Temmuz Cumhuriyet ve Demokrasi Meydan\u0131\u2019na dev ekran kurdu. Vatanda\u015flar, belediyenin kurdu\u011fu ekrandan ma\u00e7\u0131 takip ederek, m\u00fcsabaka sonunda b\u00fcy\u00fck sevin\u00e7 ya\u015fad\u0131. A Milli Erkek Basketbol Tak\u0131m\u0131, EuroBasket 2025 yar\u0131 final ma\u00e7\u0131nda Yunanistan ile kar\u015f\u0131 kar\u015f\u0131ya geldi. Arena Riga\u2019da oynanan&#8230;<\/p>\n","protected":false},"author":1,"featured_media":54550,"comment_status":"open","ping_status":"open","sticky":false,"template":"","format":"standard","meta":{"_crdt_document":"","footnotes":""},"categories":[4],"tags":[],"class_list":["post-54549","post","type-post","status-publish","format-standard","has-post-thumbnail","hentry","category-spor"],"_links":{"self":[{"href":"https:\/\/www.egemtv.com\/index.php?rest_route=\/wp\/v2\/posts\/54549","targetHints":{"allow":["GET"]}}],"collection":[{"href":"https:\/\/www.egemtv.com\/index.php?rest_route=\/wp\/v2\/posts"}],"about":[{"href":"https:\/\/www.egemtv.com\/index.php?rest_route=\/wp\/v2\/types\/post"}],"author":[{"embeddable":true,"href":"https:\/\/www.egemtv.com\/index.php?rest_route=\/wp\/v2\/users\/1"}],"replies":[{"embeddable":true,"href":"https:\/\/www.egemtv.com\/index.php?rest_route=%2Fwp%2Fv2%2Fcomments&post=54549"}],"version-history":[{"count":1,"href":"https:\/\/www.egemtv.com\/index.php?rest_route=\/wp\/v2\/posts\/54549\/revisions"}],"predecessor-version":[{"id":54551,"href":"https:\/\/www.egemtv.com\/index.php?rest_route=\/wp\/v2\/posts\/54549\/revisions\/54551"}],"wp:featuredmedia":[{"embeddable":true,"href":"https:\/\/www.egemtv.com\/index.php?rest_route=\/wp\/v2\/media\/54550"}],"wp:attachment":[{"href":"https:\/\/www.egemtv.com\/index.php?rest_route=%2Fwp%2Fv2%2Fmedia&parent=54549"}],"wp:term":[{"taxonomy":"category","embeddable":true,"href":"https:\/\/www.egemtv.com\/index.php?rest_route=%2Fwp%2Fv2%2Fcategories&post=54549"},{"taxonomy":"post_tag","embeddable":true,"href":"https:\/\/www.egemtv.com\/index.php?rest_route=%2Fwp%2Fv2%2Ftags&post=54549"}],"curies":[{"name":"wp","href":"https:\/\/api.w.org\/{rel}","templated":true}]}}