{"id":54513,"date":"2025-09-12T20:36:48","date_gmt":"2025-09-12T17:36:48","guid":{"rendered":"https:\/\/www.egemtv.com\/?p=54513"},"modified":"2025-09-12T20:36:49","modified_gmt":"2025-09-12T17:36:49","slug":"aydin-buyuksehir-belediye-meclisinde-gergin-anlar","status":"publish","type":"post","link":"https:\/\/www.egemtv.com\/?p=54513","title":{"rendered":"Ayd\u0131n B\u00fcy\u00fck\u015fehir Belediye Meclisi\u2019nde gergin anlar"},"content":{"rendered":"<p>Ayd\u0131n B\u00fcy\u00fck\u015fehir Belediye Ba\u015fkan\u0131 \u00d6zlem \u00c7er\u00e7io\u011flu\u2019nun CHP\u2019den istifa edip AK Parti\u2019ye ge\u00e7mesinin ard\u0131ndan bug\u00fcn yap\u0131lmas\u0131 planlanan ilk meclis toplant\u0131s\u0131 salonda ya\u015fanan gerginlik sebebiyle ertelendi.<br \/>\n<br \/>Saat 18.00\u2019de ger\u00e7ekle\u015ftirilecek olan Ayd\u0131n B\u00fcy\u00fck\u015fehir Belediye Meclisi Toplant\u0131s\u0131 \u00f6ncesi CHP\u2019liler, Ayd\u0131n il binas\u0131 \u00f6n\u00fcnde bas\u0131n a\u00e7\u0131klamas\u0131 yap\u0131p partilerinden istifa edip AK Parti\u2019ye kat\u0131lan \u00d6zlem \u00c7er\u00e7io\u011flu\u2019na tepki g\u00f6sterdiler. Ard\u0131ndan toplu olarak \u2018Oylar\u0131m\u0131z haram olsun\u2019 yaz\u0131l\u0131 pankartla Ayd\u0131n B\u00fcy\u00fck\u015fehir Belediyesi \u00f6n\u00fcne gelen partililer ve meclis \u00fcyeleri Ayd\u0131n B\u00fcy\u00fck\u015fehir Belediyesi \u00f6n\u00fcnde oy pusulas\u0131 yak\u0131p Meclis Salonu\u2019na girdiler.<br \/>\n<br \/>Her iki taraftan \u00e7ok say\u0131da kalabal\u0131\u011f\u0131n bulundu\u011fu Meclis Salonu\u2019nda uzun s\u00fcre gerginlik ya\u015fand\u0131. Bu s\u0131rada CHP s\u0131ralar\u0131ndan birinin Meclis Ba\u015fkan Vekili Polat Bora Mersin\u2019e kalem f\u0131rlatmas\u0131 \u00fczerine, ya\u015fanan gerginli\u011fin giderilmesi i\u00e7in Ba\u015fkan Vekili Mersin Meclis Salonu\u2019na zab\u0131ta \u00e7a\u011f\u0131rd\u0131. Ba\u015fkan Vekili\u2019ne kalem f\u0131rlatan \u015fah\u0131s, zab\u0131ta ekiplerince salondan \u00e7\u0131kar\u0131l\u0131rken salondaki gerginlik bir t\u00fcrl\u00fc bitmedi. Bunun \u00fczerine Ayd\u0131n B\u00fcy\u00fck\u015fehir Belediye Meclis Ba\u015fkan Vekili toplant\u0131y\u0131 16 Eyl\u00fcl Sal\u0131 G\u00fcn\u00fc\u2019ne erteledi\u011fini duyurdu.<\/p>\n<p>&#8220;Polis yo\u011fun g\u00fcvenlik tedbiri ald\u0131&#8221;<br \/>\n<br \/>Gergin anlar\u0131n ya\u015fand\u0131\u011f\u0131 meclis toplant\u0131s\u0131 nedeniyle polis ekipleri Ayd\u0131n B\u00fcy\u00fck\u015fehir Belediye Binas\u0131 \u00e7evresinde yo\u011fun g\u00fcvenlik \u00f6nlemi ald\u0131. CHP\u2019li grup daha sonra bina d\u0131\u015f\u0131nda yeniden bas\u0131n a\u00e7\u0131klamas\u0131 yapt\u0131ktan sonra da\u011f\u0131ld\u0131lar.<br \/><\/p>\n","protected":false},"excerpt":{"rendered":"<p>Ayd\u0131n B\u00fcy\u00fck\u015fehir Belediye Ba\u015fkan\u0131 \u00d6zlem \u00c7er\u00e7io\u011flu\u2019nun CHP\u2019den istifa edip AK Parti\u2019ye ge\u00e7mesinin ard\u0131ndan bug\u00fcn yap\u0131lmas\u0131 planlanan ilk meclis toplant\u0131s\u0131 salonda ya\u015fanan gerginlik sebebiyle ertelendi. Saat 18.00\u2019de ger\u00e7ekle\u015ftirilecek olan Ayd\u0131n B\u00fcy\u00fck\u015fehir Belediye Meclisi Toplant\u0131s\u0131 \u00f6ncesi CHP\u2019liler, Ayd\u0131n il binas\u0131 \u00f6n\u00fcnde bas\u0131n a\u00e7\u0131klamas\u0131 yap\u0131p partilerinden istifa edip AK Parti\u2019ye kat\u0131lan \u00d6zlem \u00c7er\u00e7io\u011flu\u2019na tepki g\u00f6sterdiler. Ard\u0131ndan toplu olarak&#8230;<\/p>\n","protected":false},"author":1,"featured_media":54514,"comment_status":"open","ping_status":"open","sticky":false,"template":"","format":"standard","meta":{"_crdt_document":"","footnotes":""},"categories":[127],"tags":[],"class_list":["post-54513","post","type-post","status-publish","format-standard","has-post-thumbnail","hentry","category-siyaset"],"_links":{"self":[{"href":"https:\/\/www.egemtv.com\/index.php?rest_route=\/wp\/v2\/posts\/54513","targetHints":{"allow":["GET"]}}],"collection":[{"href":"https:\/\/www.egemtv.com\/index.php?rest_route=\/wp\/v2\/posts"}],"about":[{"href":"https:\/\/www.egemtv.com\/index.php?rest_route=\/wp\/v2\/types\/post"}],"author":[{"embeddable":true,"href":"https:\/\/www.egemtv.com\/index.php?rest_route=\/wp\/v2\/users\/1"}],"replies":[{"embeddable":true,"href":"https:\/\/www.egemtv.com\/index.php?rest_route=%2Fwp%2Fv2%2Fcomments&post=54513"}],"version-history":[{"count":1,"href":"https:\/\/www.egemtv.com\/index.php?rest_route=\/wp\/v2\/posts\/54513\/revisions"}],"predecessor-version":[{"id":54515,"href":"https:\/\/www.egemtv.com\/index.php?rest_route=\/wp\/v2\/posts\/54513\/revisions\/54515"}],"wp:featuredmedia":[{"embeddable":true,"href":"https:\/\/www.egemtv.com\/index.php?rest_route=\/wp\/v2\/media\/54514"}],"wp:attachment":[{"href":"https:\/\/www.egemtv.com\/index.php?rest_route=%2Fwp%2Fv2%2Fmedia&parent=54513"}],"wp:term":[{"taxonomy":"category","embeddable":true,"href":"https:\/\/www.egemtv.com\/index.php?rest_route=%2Fwp%2Fv2%2Fcategories&post=54513"},{"taxonomy":"post_tag","embeddable":true,"href":"https:\/\/www.egemtv.com\/index.php?rest_route=%2Fwp%2Fv2%2Ftags&post=54513"}],"curies":[{"name":"wp","href":"https:\/\/api.w.org\/{rel}","templated":true}]}}