{"id":54510,"date":"2025-09-12T20:36:47","date_gmt":"2025-09-12T17:36:47","guid":{"rendered":"https:\/\/www.egemtv.com\/?p=54510"},"modified":"2025-09-12T20:36:48","modified_gmt":"2025-09-12T17:36:48","slug":"usakta-2-katli-ev-ve-ahir-yanginda-kule-dondu","status":"publish","type":"post","link":"https:\/\/www.egemtv.com\/?p=54510","title":{"rendered":"U\u015fak\u2019ta 2 katl\u0131 ev ve ah\u0131r yang\u0131nda k\u00fcle d\u00f6nd\u00fc"},"content":{"rendered":"<p>U\u015fak\u2019ta 2 katl\u0131 ev ve bir ah\u0131r \u00e7\u0131kan yang\u0131nda kullan\u0131lmaz hale geldi.<br \/>\n<br \/>Yang\u0131n, merkeze ba\u011fl\u0131 Sorkun k\u00f6y\u00fcnde meydana geldi. Edinilen bilgilere g\u00f6re, otluk alanda hen\u00fcz belirlenemeyen nedenle yang\u0131n \u00e7\u0131kt\u0131. K\u0131sa s\u00fcrede b\u00fcy\u00fcyen yang\u0131n M.\u00d6\u2019ye ait 2 katl\u0131 eve ve bah\u00e7ede bulunan ah\u0131ra s\u0131\u00e7rad\u0131. \u00c7evredeki vatanda\u015flar\u0131n ihbar\u0131 \u00fczerine b\u00f6lgeye 112 Sa\u011fl\u0131k, jandarma, itfaiye ve U\u015fak Orman \u0130\u015fletme M\u00fcd\u00fcrl\u00fc\u011f\u00fc\u2019ne ba\u011fl\u0131 ekipler sevk edildi. Ekiplerin m\u00fcdahalesi sonucu yang\u0131n di\u011fer evlere s\u0131\u00e7ramadan kontrol alt\u0131na al\u0131narak s\u00f6nd\u00fcr\u00fcld\u00fc.<br \/>\n<br \/>Yang\u0131nda 2 katl\u0131 ev ve ah\u0131r tamamen kullan\u0131lmaz hale gelirken, jandarma ekiplerince ah\u0131rdan 2 inek ve 1 buza\u011f\u0131n tahliye edildi\u011fi \u00f6\u011frenildi.<br \/><\/p>\n","protected":false},"excerpt":{"rendered":"<p>U\u015fak\u2019ta 2 katl\u0131 ev ve bir ah\u0131r \u00e7\u0131kan yang\u0131nda kullan\u0131lmaz hale geldi. Yang\u0131n, merkeze ba\u011fl\u0131 Sorkun k\u00f6y\u00fcnde meydana geldi. Edinilen bilgilere g\u00f6re, otluk alanda hen\u00fcz belirlenemeyen nedenle yang\u0131n \u00e7\u0131kt\u0131. K\u0131sa s\u00fcrede b\u00fcy\u00fcyen yang\u0131n M.\u00d6\u2019ye ait 2 katl\u0131 eve ve bah\u00e7ede bulunan ah\u0131ra s\u0131\u00e7rad\u0131. \u00c7evredeki vatanda\u015flar\u0131n ihbar\u0131 \u00fczerine b\u00f6lgeye 112 Sa\u011fl\u0131k, jandarma, itfaiye ve U\u015fak Orman&#8230;<\/p>\n","protected":false},"author":1,"featured_media":54511,"comment_status":"open","ping_status":"open","sticky":false,"template":"","format":"standard","meta":{"_crdt_document":"","footnotes":""},"categories":[2],"tags":[],"class_list":["post-54510","post","type-post","status-publish","format-standard","has-post-thumbnail","hentry","category-saglik"],"_links":{"self":[{"href":"https:\/\/www.egemtv.com\/index.php?rest_route=\/wp\/v2\/posts\/54510","targetHints":{"allow":["GET"]}}],"collection":[{"href":"https:\/\/www.egemtv.com\/index.php?rest_route=\/wp\/v2\/posts"}],"about":[{"href":"https:\/\/www.egemtv.com\/index.php?rest_route=\/wp\/v2\/types\/post"}],"author":[{"embeddable":true,"href":"https:\/\/www.egemtv.com\/index.php?rest_route=\/wp\/v2\/users\/1"}],"replies":[{"embeddable":true,"href":"https:\/\/www.egemtv.com\/index.php?rest_route=%2Fwp%2Fv2%2Fcomments&post=54510"}],"version-history":[{"count":1,"href":"https:\/\/www.egemtv.com\/index.php?rest_route=\/wp\/v2\/posts\/54510\/revisions"}],"predecessor-version":[{"id":54512,"href":"https:\/\/www.egemtv.com\/index.php?rest_route=\/wp\/v2\/posts\/54510\/revisions\/54512"}],"wp:featuredmedia":[{"embeddable":true,"href":"https:\/\/www.egemtv.com\/index.php?rest_route=\/wp\/v2\/media\/54511"}],"wp:attachment":[{"href":"https:\/\/www.egemtv.com\/index.php?rest_route=%2Fwp%2Fv2%2Fmedia&parent=54510"}],"wp:term":[{"taxonomy":"category","embeddable":true,"href":"https:\/\/www.egemtv.com\/index.php?rest_route=%2Fwp%2Fv2%2Fcategories&post=54510"},{"taxonomy":"post_tag","embeddable":true,"href":"https:\/\/www.egemtv.com\/index.php?rest_route=%2Fwp%2Fv2%2Ftags&post=54510"}],"curies":[{"name":"wp","href":"https:\/\/api.w.org\/{rel}","templated":true}]}}