{"id":54507,"date":"2025-09-12T20:36:46","date_gmt":"2025-09-12T17:36:46","guid":{"rendered":"https:\/\/www.egemtv.com\/?p=54507"},"modified":"2025-09-12T20:36:47","modified_gmt":"2025-09-12T17:36:47","slug":"bakan-isikhan-20-ceyrektir-kesintisiz-buyume-basarimizi-surdurduk","status":"publish","type":"post","link":"https:\/\/www.egemtv.com\/?p=54507","title":{"rendered":"Bakan I\u015f\u0131khan: &#8220;20 \u00e7eyrektir kesintisiz b\u00fcy\u00fcme ba\u015far\u0131m\u0131z\u0131 s\u00fcrd\u00fcrd\u00fck&#8221;"},"content":{"rendered":"<p>\u00c7al\u0131\u015fma ve Sosyal G\u00fcvenlik Bakan\u0131 Vedat I\u015f\u0131khan, T\u00fcrkiye ekonomisinin emin ad\u0131mlarla yoluna devam etti\u011fi belirterek, &#8220;Y\u0131l\u0131n ikinci \u00e7eyre\u011finde y\u00fczde 4,8 b\u00fcy\u00fcme kaydettik ve b\u00f6ylece 20 \u00e7eyrektir kesintisiz b\u00fcy\u00fcme ba\u015far\u0131m\u0131z\u0131 s\u00fcrd\u00fcrd\u00fck. Bu g\u00fc\u00e7l\u00fc gidi\u015fat, istihdama da yans\u0131maktad\u0131r. \u0130\u015fsiz say\u0131s\u0131 164 bin ki\u015fi azalarak; 2 milyon 828 bine geriledi, i\u015fsizlik oran\u0131 ise y\u00fczde 8\u2019e d\u00fc\u015ft\u00fc. \u0130stihdam edilenlerin say\u0131s\u0131; 32 milyon 582 bine ula\u015ft\u0131&#8221; dedi.<br \/>\n<br \/>\u00c7al\u0131\u015fma ve Sosyal G\u00fcvenlik Bakan\u0131 Vedat I\u015f\u0131khan, AK Parti Burdur \u0130l Ba\u015fkanl\u0131\u011f\u0131nda d\u00fczenlenen &#8220;Hep Birlikte G\u00fc\u00e7l\u00fc T\u00fcrkiye&#8221; T\u00fcrkiye Bulu\u015fmalar\u0131 AK Parti \u0130l Genel Meclisi\u2019ne kat\u0131ld\u0131. Burada Bakan I\u015f\u0131khan taraf\u0131ndan partiye yeni kat\u0131lan vatanda\u015flara rozet takdimi ger\u00e7ekle\u015ftirildi. Bakan I\u015f\u0131khan, &#8220;Biz k\u00fclt\u00fcr \u00e7e\u015fitlili\u011fini, medeniyetimizin sahip oldu\u011fu de\u011ferli bir hazine say\u0131yor, Burdur\u2019un hem ekonomik hem de sosyal anlamda b\u00fcy\u00fcmesi, kalk\u0131nmas\u0131 ve geli\u015fmesi i\u00e7in bir katma de\u011fer olarak g\u00f6r\u00fcyoruz. Tarihi ve k\u00fclt\u00fcrel niteliklerinin yan\u0131 s\u0131ra; \u00fclkemizin tar\u0131m\u0131na ve turizmine de \u00f6nemli katk\u0131lar sunan ilimiz, Akdeniz\u2019in bereketiyle yo\u011furulmu\u015f bu havzada \u00f6nemli bir potansiyele de sahiptir. Salda G\u00f6l\u00fc ba\u015fta olmak \u00fczere bir\u00e7ok tabiat harikas\u0131 vesilesiyle her y\u0131l milyonlarca turisti a\u011f\u0131rlayan bu b\u00f6lge tam anlam\u0131yla bir cazibe merkezi konumunda. Bu potansiyeli en iyi \u015fekilde de\u011ferlendirmek i\u00e7in, Burdur\u2019un kalk\u0131nmas\u0131na ivme kazand\u0131rmak i\u00e7in in\u015fallah bundan sonra daha etkili ad\u0131mlar ataca\u011f\u0131z. Bir taraftan \u015fehrin potansiyelini ortaya \u00e7\u0131kar\u0131rken di\u011fer yandan da sahip oldu\u011fu g\u00fczellikleri koruyup ya\u015fatmaya devam edece\u011fiz&#8221; \u015feklinde konu\u015ftu.<\/p>\n<p>&#8220;Burdur ilimizde, 2025 y\u0131l\u0131 May\u0131s ay\u0131 itibar\u0131yla aktif sigortal\u0131 say\u0131s\u0131 yakla\u015f\u0131k 80 bine ula\u015fm\u0131\u015ft\u0131r&#8221;<br \/>\n<br \/>Kalk\u0131nman\u0131n yerelden ba\u015flad\u0131\u011f\u0131n\u0131 \u00e7ok iyi bildiklerini belirten Bakan I\u015f\u0131khan, &#8220;23 y\u0131ld\u0131r sorumlulu\u011funu \u00fcstlendi\u011fi her il ve il\u00e7ede devrim niteli\u011finde ad\u0131mlar atan AK Parti olarak biz, devlet olarak t\u00fcm il\u00e7e ve beldeleriyle Burdur\u2019umuzun yan\u0131nda olduk ve olmaya da devam ediyoruz. Bug\u00fcne kadar; e\u011fitimden sa\u011fl\u0131\u011fa, ula\u015ft\u0131rmadan \u00e7al\u0131\u015fma hayat\u0131na kadar pek \u00e7ok alanda yapt\u0131\u011f\u0131m\u0131z 60 milyar liray\u0131 a\u015fk\u0131n yat\u0131r\u0131mla, ne Burdur\u2019u ne de Burdurlu vatanda\u015flar\u0131m\u0131z\u0131 asla kaderlerine terk etmeyece\u011fimizi g\u00f6stermi\u015f olduk. \u015eehrimizin \u00e7al\u0131\u015fma hayat\u0131na yapt\u0131\u011f\u0131m\u0131z yat\u0131r\u0131mlarla birlikte; Aktif sigortal\u0131 say\u0131s\u0131n\u0131 son; 23 y\u0131lda y\u00fczde 71 seviyesinde artmay\u0131 ba\u015fard\u0131k. Burdur ilimizde, 2025 y\u0131l\u0131 May\u0131s ay\u0131 itibar\u0131yla aktif sigortal\u0131 say\u0131s\u0131 yakla\u015f\u0131k 80 bine ula\u015fm\u0131\u015ft\u0131r. \u00d6te yandan nitelikli ve kay\u0131tl\u0131 istihdam seferberli\u011fimiz kapsam\u0131nda vatanda\u015flar\u0131m\u0131za hem mesleki e\u011fitim hem de i\u015f kap\u0131s\u0131 a\u00e7maya devam ediyoruz. 2002 y\u0131l\u0131ndan bug\u00fcne kadar toplamda 70 bini a\u015fk\u0131n vatanda\u015f\u0131m\u0131z\u0131n Burdur\u2019da i\u015f sahibi olmas\u0131na vesile olduk. 2025 y\u0131l\u0131nda ilk 8 ayda 6 bin 249 vatanda\u015f\u0131m\u0131z\u0131 i\u015fe yerle\u015ftirdik. Mesleki e\u011fitim kurslar\u0131m\u0131zdan 4 bin 893 hem\u015fehrimiz yararlanarak yeni bir meslek sahibi olmu\u015f ve \u00fcretime kat\u0131lm\u0131\u015ft\u0131r. \u0130\u015fba\u015f\u0131 e\u011fitim programlar\u0131m\u0131zdan; 6 bin 834 hem\u015fehrimiz yararlanm\u0131\u015ft\u0131r. \u0130\u015fverenlerimiz i\u00e7in de; bug\u00fcne kadar; 27 bin 367 i\u015fyerine \u00f6denen toplam te\u015fvik tutar\u0131 1,3 milyar TL\u2019yi a\u015fm\u0131\u015ft\u0131r. Bu \u00e7al\u0131\u015fmalar\u0131m\u0131z\u0131n neticelerini; i\u015fg\u00fcc\u00fc piyasas\u0131ndaki istatistiklerde g\u00f6rebiliyoruz. 2024 y\u0131l\u0131 i\u00e7in a\u00e7\u0131klanan i\u015fg\u00fcc\u00fc verilerine g\u00f6re Burdur\u2019da; \u0130stihdam oran\u0131; y\u00fczde 52, i\u015fsizlik oran\u0131; y\u00fczde 4 i\u015fg\u00fcc\u00fcne kat\u0131l\u0131m oran\u0131; y\u00fczde 54,1 olmu\u015ftur. Bu veriler, T\u00fcrkiye geneli verilerinden \u00e7ok daha iyi seviyelerdedir. Bu anlamda ben Burdurlu hem\u015fehrilerimizi, \u00e7al\u0131\u015fanlar\u0131m\u0131z\u0131, i\u015fverenlerimizi tebrik ediyorum&#8221; diye konu\u015ftu.<\/p>\n<p>&#8220;Kalk\u0131nma s\u00fcrecimizdeki bu olumlu seyrin sa\u011flam temeller \u00fczerinde ger\u00e7ekle\u015fti\u011finin de bir g\u00f6stergesidir&#8221;<br \/>\n<br \/>D\u00fcnyan\u0131n en ileri sosyal g\u00fcvenlik hizmetlerinden birinin T\u00fcrkiye\u2019de bulundu\u011fu s\u00f6yleyen Bakan I\u015f\u0131khan, &#8220;Genel sa\u011fl\u0131k sigortas\u0131ndan \u00fccretsiz faydalanmas\u0131 i\u00e7in; Burdur\u2019da 11 bin 732 vatanda\u015f\u0131m\u0131z\u0131n GSS primi devletimiz taraf\u0131ndan kar\u015f\u0131lanmaktad\u0131r. Bug\u00fcne kadar oldu\u011fu bundan sonra da vatanda\u015flar\u0131m\u0131z\u0131n tamam\u0131n\u0131n hayat\u0131na etki edecek \u00e7al\u0131\u015fmalar\u0131, \u015fehirlerimizin ger\u00e7ek potansiyelini ortaya \u00e7\u0131karacak yat\u0131r\u0131mlar\u0131 s\u00fcrd\u00fcrmeye devam edece\u011fiz. Tabi \u015fehirlerimizin \u00e7al\u0131\u015fma hayat\u0131 ve ekonomisi g\u00fc\u00e7lendik\u00e7e \u00fclkemiz de istikrarla b\u00fcy\u00fcmeye devam ediyor. Son verilerle bir kez daha g\u00f6rd\u00fck ki T\u00fcrkiye ekonomisi emin ad\u0131mlarla yoluna devam ediyor. Y\u0131l\u0131n ikinci \u00e7eyre\u011finde y\u00fczde 4,8 b\u00fcy\u00fcme kaydettik ve b\u00f6ylece 20 \u00e7eyrektir kesintisiz b\u00fcy\u00fcme ba\u015far\u0131m\u0131z\u0131 s\u00fcrd\u00fcrd\u00fck. Bu g\u00fc\u00e7l\u00fc gidi\u015fat, istihdama da yans\u0131maktad\u0131r.<br \/>\n<br \/>\u0130\u015fsiz say\u0131s\u0131 164 bin ki\u015fi azalarak; 2 milyon 828 bine geriledi, i\u015fsizlik oran\u0131 ise y\u00fczde 8\u2019e d\u00fc\u015ft\u00fc. \u0130stihdam edilenlerin say\u0131s\u0131; 32 milyon 582 bine ula\u015ft\u0131.  \u00d6zellikle gen\u00e7lerimizde i\u015fsizlik oran\u0131; bir ayda neredeyse 1 puan azalarak y\u00fczde 15\u2019e geriledi. \u00dcstelik t\u00fcm bu geli\u015fmelerin, etraf\u0131m\u0131z ate\u015f \u00e7emberiyle sar\u0131l\u0131 iken ya\u015fan\u0131yor olmas\u0131, kalk\u0131nma s\u00fcrecimizdeki bu olumlu seyrin sa\u011flam temeller \u00fczerinde ger\u00e7ekle\u015fti\u011finin de bir g\u00f6stergesidir. Biz \u00fclkemiz ad\u0131na, b\u00f6lgemiz ad\u0131na ve y\u00fcz\u00fcn\u00fc \u00fclkemize \u00e7evirmi\u015f t\u00fcm g\u00f6n\u00fcl co\u011frafyalar\u0131m\u0131z ad\u0131na, gelece\u011fimizden umutluyuz&#8221; ifadelerini kulland\u0131.<br \/>\n<br \/>Bakan I\u015f\u0131khan son olarak, &#8220;\u0130srail\u2019in son d\u00f6nemde giderek \u015fiddeti artan sald\u0131rganl\u0131\u011f\u0131, ter\u00f6r eylemleri ile kar\u015f\u0131 kar\u015f\u0131yay\u0131z. \u0130nsan haklar\u0131 ve uluslararas\u0131 hukuku hi\u00e7e sayarak yapt\u0131\u011f\u0131 eylemler, b\u00f6lgemizde ve d\u00fcnyada \u00e7ok ciddi sonu\u00e7lar do\u011furabilecek seviyeye ula\u015ft\u0131. \u0130srail kendi sonuna do\u011fru ko\u015far ad\u0131m ilerliyor. Bu s\u00fcre\u00e7te de biz T\u00fcrkiye olarak; Ba\u015fkomutan\u0131m\u0131z, Cumhurba\u015fkan\u0131m\u0131z Recep Tayyip Erdo\u011fan\u2019\u0131n liderli\u011fiyle her zamankinden daha g\u00fc\u00e7l\u00fcy\u00fcz, daha haz\u0131rl\u0131kl\u0131y\u0131z. Bu d\u00f6nemde birlik olmak, beraber olmak, tek v\u00fccut olmak zorunday\u0131z. Bu beraberlikten rahats\u0131z olan, T\u00fcrkiye\u2019nin ula\u015ft\u0131\u011f\u0131 g\u00fc\u00e7ten rahats\u0131z olan, savunma sanayinin ula\u015ft\u0131\u011f\u0131 noktadan rahats\u0131z olan, i\u00e7imizden gibi g\u00f6r\u00fcn\u00fcp kuyumuzu kazan birileri var. Bal\u0131klar rahats\u0131z oluyor bahanesiyle f\u00fcze denemelerine engel olmak isteyenler var, \u00e7elik kubbeden rahats\u0131z olanlar var. Bu y\u00fczden; sevgili gen\u00e7 karde\u015flerim ba\u015fta olmak \u00fczere, yediden yetmi\u015fe t\u00fcm halk\u0131m\u0131z\u0131n yerli milli kalk\u0131nma m\u00fccadelemize destek vermesini, devlete, millete, liderimize g\u00fcvenmesini istiyoruz. Bu d\u00fc\u015f\u00fcncelerle; Cumhurba\u015fkan\u0131m\u0131z Recep Tayyip Erdo\u011fan liderli\u011finde ba\u015flatt\u0131\u011f\u0131m\u0131z kalk\u0131nma hamleleri ile milletimizle dayan\u0131\u015fma i\u00e7erisinde \u00fclkemizi yeni zaferlere ta\u015f\u0131yaca\u011f\u0131m\u0131za inan\u0131yorum&#8221; dedi.<br \/>\n<br \/>Programa, Bakan I\u015f\u0131khan\u2019\u0131n yan\u0131 s\u0131ra, AK Parti Burdur milletvekilleri ve partililer kat\u0131ld\u0131.<br \/><\/p>\n","protected":false},"excerpt":{"rendered":"<p>\u00c7al\u0131\u015fma ve Sosyal G\u00fcvenlik Bakan\u0131 Vedat I\u015f\u0131khan, T\u00fcrkiye ekonomisinin emin ad\u0131mlarla yoluna devam etti\u011fi belirterek, &#8220;Y\u0131l\u0131n ikinci \u00e7eyre\u011finde y\u00fczde 4,8 b\u00fcy\u00fcme kaydettik ve b\u00f6ylece 20 \u00e7eyrektir kesintisiz b\u00fcy\u00fcme ba\u015far\u0131m\u0131z\u0131 s\u00fcrd\u00fcrd\u00fck. Bu g\u00fc\u00e7l\u00fc gidi\u015fat, istihdama da yans\u0131maktad\u0131r. \u0130\u015fsiz say\u0131s\u0131 164 bin ki\u015fi azalarak; 2 milyon 828 bine geriledi, i\u015fsizlik oran\u0131 ise y\u00fczde 8\u2019e d\u00fc\u015ft\u00fc. \u0130stihdam edilenlerin&#8230;<\/p>\n","protected":false},"author":1,"featured_media":54508,"comment_status":"open","ping_status":"open","sticky":false,"template":"","format":"standard","meta":{"_crdt_document":"","footnotes":""},"categories":[127],"tags":[],"class_list":["post-54507","post","type-post","status-publish","format-standard","has-post-thumbnail","hentry","category-siyaset"],"_links":{"self":[{"href":"https:\/\/www.egemtv.com\/index.php?rest_route=\/wp\/v2\/posts\/54507","targetHints":{"allow":["GET"]}}],"collection":[{"href":"https:\/\/www.egemtv.com\/index.php?rest_route=\/wp\/v2\/posts"}],"about":[{"href":"https:\/\/www.egemtv.com\/index.php?rest_route=\/wp\/v2\/types\/post"}],"author":[{"embeddable":true,"href":"https:\/\/www.egemtv.com\/index.php?rest_route=\/wp\/v2\/users\/1"}],"replies":[{"embeddable":true,"href":"https:\/\/www.egemtv.com\/index.php?rest_route=%2Fwp%2Fv2%2Fcomments&post=54507"}],"version-history":[{"count":1,"href":"https:\/\/www.egemtv.com\/index.php?rest_route=\/wp\/v2\/posts\/54507\/revisions"}],"predecessor-version":[{"id":54509,"href":"https:\/\/www.egemtv.com\/index.php?rest_route=\/wp\/v2\/posts\/54507\/revisions\/54509"}],"wp:featuredmedia":[{"embeddable":true,"href":"https:\/\/www.egemtv.com\/index.php?rest_route=\/wp\/v2\/media\/54508"}],"wp:attachment":[{"href":"https:\/\/www.egemtv.com\/index.php?rest_route=%2Fwp%2Fv2%2Fmedia&parent=54507"}],"wp:term":[{"taxonomy":"category","embeddable":true,"href":"https:\/\/www.egemtv.com\/index.php?rest_route=%2Fwp%2Fv2%2Fcategories&post=54507"},{"taxonomy":"post_tag","embeddable":true,"href":"https:\/\/www.egemtv.com\/index.php?rest_route=%2Fwp%2Fv2%2Ftags&post=54507"}],"curies":[{"name":"wp","href":"https:\/\/api.w.org\/{rel}","templated":true}]}}