{"id":54492,"date":"2025-09-12T17:14:47","date_gmt":"2025-09-12T14:14:47","guid":{"rendered":"https:\/\/www.egemtv.com\/?p=54492"},"modified":"2025-09-12T17:14:48","modified_gmt":"2025-09-12T14:14:48","slug":"koskte-ciftci-egitim-toplantisi-duzenlendi","status":"publish","type":"post","link":"https:\/\/www.egemtv.com\/?p=54492","title":{"rendered":"K\u00f6\u015fk\u2019te \u00e7ift\u00e7i e\u011fitim toplant\u0131s\u0131 d\u00fczenlendi"},"content":{"rendered":"<p>Ayd\u0131n\u2019\u0131n K\u00f6\u015fk il\u00e7esinde d\u00fczenlenen toplant\u0131da 2025 Tar\u0131m Say\u0131m\u0131, \u015fap hastal\u0131\u011f\u0131, incir hasad\u0131 ve zeytin zararl\u0131lar\u0131 hakk\u0131nda \u00fcreticiler bilgilendirildi.<\/p>\n<p>K\u00f6\u015fk \u0130l\u00e7e Tar\u0131m ve Orman M\u00fcd\u00fcrl\u00fc\u011f\u00fc, bu hafta ger\u00e7ekle\u015ftirilen Cuma Bulu\u015fmalar\u0131 program\u0131 kapsam\u0131nda Ba\u015f\u00e7ay\u0131r Mahallesi\u2019nde \u00fcreticilerle bir araya geldi. \u0130l\u00e7e M\u00fcd\u00fcr\u00fc Veysel Ali \u00dcnal ba\u015fkanl\u0131\u011f\u0131nda teknik ve sa\u011fl\u0131k personelinin kat\u0131l\u0131m\u0131yla yap\u0131lan toplant\u0131da, 2025 Tar\u0131m Say\u0131m\u0131, \u015fap hastal\u0131\u011f\u0131 ve a\u015f\u0131lama program\u0131, incir hasad\u0131nda dikkat edilecek hususlar ile zeytin hastal\u0131k ve zararl\u0131lar\u0131 hakk\u0131nda bilgilendirme yap\u0131ld\u0131. \u00dcreticilerin taleplerinin de de\u011ferlendirildi\u011fi toplant\u0131ya mahalle halk\u0131 yo\u011fun ilgi g\u00f6sterirken, \u0130l\u00e7e M\u00fcd\u00fcrl\u00fc\u011f\u00fc, misafirperverliklerinden dolay\u0131 Ba\u015f\u00e7ay\u0131r Muhtar\u0131 Muzaffer B\u00f6l\u00fck ve \u00fcreticilere te\u015fekk\u00fcr etti.<\/p>\n<p>Konu ile ilgili K\u00f6\u015fk \u0130l\u00e7e Tar\u0131m ve Orman M\u00fcd\u00fcrl\u00fc\u011f\u00fc\u2019nden yap\u0131lan a\u00e7\u0131klamada &#8220;Bu hafta Cuma Bulu\u015fmalar\u0131 program\u0131 dahilinde il\u00e7emiz Ba\u015f\u00e7ay\u0131r Mahallesi\u2019ndeki de\u011ferli \u00fcreticilerimizle \u00e7ift\u00e7i e\u011fitim toplant\u0131s\u0131nda bulu\u015ftuk. 2025 Tar\u0131m Say\u0131m\u0131, \u015fap hastal\u0131\u011f\u0131 ve \u015fap a\u015f\u0131lama program\u0131, incir hasad\u0131nda dikkat edilecek hususlar ve zeytin hastal\u0131k ve zararl\u0131lar\u0131 ile ilgili konularda bilgilendirmeler yap\u0131ld\u0131. De\u011ferli \u00e7ift\u00e7ilerimizin talepleri de\u011ferlendirildi&#8221; ifadeleri yer ald\u0131.<br \/><\/p>\n","protected":false},"excerpt":{"rendered":"<p>Ayd\u0131n\u2019\u0131n K\u00f6\u015fk il\u00e7esinde d\u00fczenlenen toplant\u0131da 2025 Tar\u0131m Say\u0131m\u0131, \u015fap hastal\u0131\u011f\u0131, incir hasad\u0131 ve zeytin zararl\u0131lar\u0131 hakk\u0131nda \u00fcreticiler bilgilendirildi. K\u00f6\u015fk \u0130l\u00e7e Tar\u0131m ve Orman M\u00fcd\u00fcrl\u00fc\u011f\u00fc, bu hafta ger\u00e7ekle\u015ftirilen Cuma Bulu\u015fmalar\u0131 program\u0131 kapsam\u0131nda Ba\u015f\u00e7ay\u0131r Mahallesi\u2019nde \u00fcreticilerle bir araya geldi. \u0130l\u00e7e M\u00fcd\u00fcr\u00fc Veysel Ali \u00dcnal ba\u015fkanl\u0131\u011f\u0131nda teknik ve sa\u011fl\u0131k personelinin kat\u0131l\u0131m\u0131yla yap\u0131lan toplant\u0131da, 2025 Tar\u0131m Say\u0131m\u0131, \u015fap hastal\u0131\u011f\u0131&#8230;<\/p>\n","protected":false},"author":1,"featured_media":54493,"comment_status":"open","ping_status":"open","sticky":false,"template":"","format":"standard","meta":{"_crdt_document":"","footnotes":""},"categories":[1],"tags":[],"class_list":["post-54492","post","type-post","status-publish","format-standard","has-post-thumbnail","hentry","category-guncel"],"_links":{"self":[{"href":"https:\/\/www.egemtv.com\/index.php?rest_route=\/wp\/v2\/posts\/54492","targetHints":{"allow":["GET"]}}],"collection":[{"href":"https:\/\/www.egemtv.com\/index.php?rest_route=\/wp\/v2\/posts"}],"about":[{"href":"https:\/\/www.egemtv.com\/index.php?rest_route=\/wp\/v2\/types\/post"}],"author":[{"embeddable":true,"href":"https:\/\/www.egemtv.com\/index.php?rest_route=\/wp\/v2\/users\/1"}],"replies":[{"embeddable":true,"href":"https:\/\/www.egemtv.com\/index.php?rest_route=%2Fwp%2Fv2%2Fcomments&post=54492"}],"version-history":[{"count":1,"href":"https:\/\/www.egemtv.com\/index.php?rest_route=\/wp\/v2\/posts\/54492\/revisions"}],"predecessor-version":[{"id":54494,"href":"https:\/\/www.egemtv.com\/index.php?rest_route=\/wp\/v2\/posts\/54492\/revisions\/54494"}],"wp:featuredmedia":[{"embeddable":true,"href":"https:\/\/www.egemtv.com\/index.php?rest_route=\/wp\/v2\/media\/54493"}],"wp:attachment":[{"href":"https:\/\/www.egemtv.com\/index.php?rest_route=%2Fwp%2Fv2%2Fmedia&parent=54492"}],"wp:term":[{"taxonomy":"category","embeddable":true,"href":"https:\/\/www.egemtv.com\/index.php?rest_route=%2Fwp%2Fv2%2Fcategories&post=54492"},{"taxonomy":"post_tag","embeddable":true,"href":"https:\/\/www.egemtv.com\/index.php?rest_route=%2Fwp%2Fv2%2Ftags&post=54492"}],"curies":[{"name":"wp","href":"https:\/\/api.w.org\/{rel}","templated":true}]}}