{"id":54489,"date":"2025-09-12T16:55:25","date_gmt":"2025-09-12T13:55:25","guid":{"rendered":"https:\/\/www.egemtv.com\/?p=54489"},"modified":"2025-09-12T16:55:26","modified_gmt":"2025-09-12T13:55:26","slug":"vefat-eden-mudurlerinin-adinin-yasatilmasi-icin-harekete-gectiler","status":"publish","type":"post","link":"https:\/\/www.egemtv.com\/?p=54489","title":{"rendered":"Vefat eden m\u00fcd\u00fcrlerinin ad\u0131n\u0131n ya\u015fat\u0131lmas\u0131 i\u00e7in harekete ge\u00e7tiler"},"content":{"rendered":"<p>Manisa\u2019n\u0131n Sar\u0131g\u00f6l il\u00e7esinde 25 y\u0131l e\u011fitim camias\u0131na hizmet eden ve uzun y\u0131llar Sar\u0131g\u00f6l 4 Eyl\u00fcl \u0130lkokulu\u2019nda m\u00fcd\u00fcr olarak g\u00f6rev yaparken ge\u00e7irdi\u011fi beyin kanamas\u0131 sonucu hayat\u0131n\u0131 kaybeden Sel\u00e7uk Erol\u2019un ad\u0131n\u0131n g\u00f6rev yapt\u0131\u011f\u0131 okulda ya\u015fat\u0131lmas\u0131 i\u00e7in ba\u015flat\u0131lan imza kampanyas\u0131nda veliler taraf\u0131ndan toplanan 3 bin 800 imza yetkililere ula\u015ft\u0131r\u0131ld\u0131.<br \/>\n<br \/>Sar\u0131g\u00f6l 4 Eyl\u00fcl \u0130lkokulu M\u00fcd\u00fcr\u00fcyken ge\u00e7irdi\u011fi beyin kanamas\u0131 sonucu 13 A\u011fustos\u2019ta hayat\u0131n\u0131 kaybeden M\u00fcd\u00fcr Erol\u2019un vefat\u0131n\u0131n ard\u0131ndan \u00f6\u011frenci velileri taraf\u0131ndan il\u00e7ede geni\u015f \u00e7apl\u0131 bir imza kampanyas\u0131 ba\u015flat\u0131ld\u0131. Kampanyada toplanan 3 bin 800 imza \u00f6nce Sar\u0131g\u00f6l \u0130l\u00e7e Milli E\u011fitim M\u00fcd\u00fcr\u00fc Cezmi Y\u0131ld\u0131rak\u2019a, ard\u0131ndan da Sar\u0131g\u00f6l Kaymakam\u0131 Halil Dalak\u2019a teslim edildi.<br \/>\n<br \/>Kaymakam Halil Dalak, dilek\u00e7eyi alarak Manisa Valili\u011fi\u2019ne g\u00f6nderilmesi i\u00e7in talimat verdi. \u0130mza kampanyas\u0131n\u0131n \u00f6nc\u00fclerinden Osman Kumcu, &#8220;\u00c7ok sevdi\u011fimiz okul m\u00fcd\u00fcr\u00fcm\u00fcz\u00fcn ad\u0131n\u0131n, g\u00f6rev yapt\u0131\u011f\u0131 okulda ya\u015fat\u0131lmas\u0131n\u0131 istiyoruz. Okulun ad\u0131n\u0131n \u20184 Eyl\u00fcl Sel\u00e7uk Erol \u0130lkokulu\u2019 olmas\u0131n\u0131 temenni ettik. \u0130n\u015fallah kabul edilir.&#8221; dedi.<br \/><\/p>\n","protected":false},"excerpt":{"rendered":"<p>Manisa\u2019n\u0131n Sar\u0131g\u00f6l il\u00e7esinde 25 y\u0131l e\u011fitim camias\u0131na hizmet eden ve uzun y\u0131llar Sar\u0131g\u00f6l 4 Eyl\u00fcl \u0130lkokulu\u2019nda m\u00fcd\u00fcr olarak g\u00f6rev yaparken ge\u00e7irdi\u011fi beyin kanamas\u0131 sonucu hayat\u0131n\u0131 kaybeden Sel\u00e7uk Erol\u2019un ad\u0131n\u0131n g\u00f6rev yapt\u0131\u011f\u0131 okulda ya\u015fat\u0131lmas\u0131 i\u00e7in ba\u015flat\u0131lan imza kampanyas\u0131nda veliler taraf\u0131ndan toplanan 3 bin 800 imza yetkililere ula\u015ft\u0131r\u0131ld\u0131. Sar\u0131g\u00f6l 4 Eyl\u00fcl \u0130lkokulu M\u00fcd\u00fcr\u00fcyken ge\u00e7irdi\u011fi beyin kanamas\u0131 sonucu&#8230;<\/p>\n","protected":false},"author":1,"featured_media":54490,"comment_status":"open","ping_status":"open","sticky":false,"template":"","format":"standard","meta":{"_crdt_document":"","footnotes":""},"categories":[1],"tags":[],"class_list":["post-54489","post","type-post","status-publish","format-standard","has-post-thumbnail","hentry","category-guncel"],"_links":{"self":[{"href":"https:\/\/www.egemtv.com\/index.php?rest_route=\/wp\/v2\/posts\/54489","targetHints":{"allow":["GET"]}}],"collection":[{"href":"https:\/\/www.egemtv.com\/index.php?rest_route=\/wp\/v2\/posts"}],"about":[{"href":"https:\/\/www.egemtv.com\/index.php?rest_route=\/wp\/v2\/types\/post"}],"author":[{"embeddable":true,"href":"https:\/\/www.egemtv.com\/index.php?rest_route=\/wp\/v2\/users\/1"}],"replies":[{"embeddable":true,"href":"https:\/\/www.egemtv.com\/index.php?rest_route=%2Fwp%2Fv2%2Fcomments&post=54489"}],"version-history":[{"count":1,"href":"https:\/\/www.egemtv.com\/index.php?rest_route=\/wp\/v2\/posts\/54489\/revisions"}],"predecessor-version":[{"id":54491,"href":"https:\/\/www.egemtv.com\/index.php?rest_route=\/wp\/v2\/posts\/54489\/revisions\/54491"}],"wp:featuredmedia":[{"embeddable":true,"href":"https:\/\/www.egemtv.com\/index.php?rest_route=\/wp\/v2\/media\/54490"}],"wp:attachment":[{"href":"https:\/\/www.egemtv.com\/index.php?rest_route=%2Fwp%2Fv2%2Fmedia&parent=54489"}],"wp:term":[{"taxonomy":"category","embeddable":true,"href":"https:\/\/www.egemtv.com\/index.php?rest_route=%2Fwp%2Fv2%2Fcategories&post=54489"},{"taxonomy":"post_tag","embeddable":true,"href":"https:\/\/www.egemtv.com\/index.php?rest_route=%2Fwp%2Fv2%2Ftags&post=54489"}],"curies":[{"name":"wp","href":"https:\/\/api.w.org\/{rel}","templated":true}]}}