{"id":54486,"date":"2025-09-12T16:55:24","date_gmt":"2025-09-12T13:55:24","guid":{"rendered":"https:\/\/www.egemtv.com\/?p=54486"},"modified":"2025-09-12T16:55:25","modified_gmt":"2025-09-12T13:55:25","slug":"hindistan-degil-buca","status":"publish","type":"post","link":"https:\/\/www.egemtv.com\/?p=54486","title":{"rendered":"Hindistan de\u011fil Buca"},"content":{"rendered":"<p>Buca Belediyesi\u2019nde maa\u015flar\u0131n\u0131 ve geriye d\u00f6n\u00fck alacaklar\u0131n\u0131 aylard\u0131r alamayan i\u015f\u00e7ilerin eylemi s\u00fcrerken, \u00e7\u00f6pler sokaklarda y\u0131\u011f\u0131n olu\u015fturdu. K\u00f6t\u00fc koku ve sinek istilas\u0131 nedeniyle il\u00e7e sakinleri tepkilerini sert \u015fekilde dile getirdi.<br \/>\n<br \/>\u0130zmir\u2019de CHP\u2019li Buca Belediyesinde, 3 ayd\u0131r \u00f6denmeyen maa\u015flar\u0131 ve geriye d\u00f6n\u00fck toplu s\u00f6zle\u015fme farklar\u0131 i\u00e7in i\u015f b\u0131rakma eylemi ba\u015flatan belediye i\u015f\u00e7ileri, belediye binas\u0131n\u0131 i\u015fgal etti. \u0130\u015f b\u0131rakma eylemi 4\u2019\u00fcnc\u00fc g\u00fcn\u00fcnde de devam ederken, itfaiye, veterinerlik, sa\u011fl\u0131k ve cenaze hizmetleri d\u0131\u015f\u0131nda t\u00fcm belediye hizmetleri durdu. Eylem nedeniyle toplanmayan \u00e7\u00f6pler cadde ve sokaklarda y\u0131\u011f\u0131n olu\u015fturdu. Buca\u2019n\u0131n u\u011frak noktalar\u0131ndan olan Forbes \u00c7ar\u015f\u0131s\u0131\u2019nda \u00e7\u00f6p da\u011flar\u0131 olu\u015furken, \u00e7ar\u015f\u0131dan ge\u00e7en vatanda\u015flar k\u00f6t\u00fc koku nedeniyle zor anlar ya\u015fad\u0131. \u0130l\u00e7ede k\u00f6t\u00fc koku ve g\u00f6r\u00fcnt\u00fc kirlili\u011fi vatanda\u015flar\u0131n tepkisini \u00e7ekti.<\/p>\n<p>&#8220;Restoranlarda oturmak istemiyorlar&#8221;<br \/>\n<br \/>K\u00f6t\u00fc koku ve sinekler nedeniyle Forbes \u00c7ar\u015f\u0131s\u0131\u2019nda bulunan restoranlara gelen m\u00fc\u015fterilerin zor anlar ya\u015fad\u0131\u011f\u0131na dikkat \u00e7eken restoran kuryesi Yasin Ozan, ya\u015fanan duruma tepki g\u00f6sterdi. Ozan, &#8220;Ben burada restoran kuryesiyim. Bu sadece bug\u00fcnlerde olan bir olay de\u011fil, yakla\u015f\u0131k bir ay \u00f6nce de ya\u015fand\u0131. Art\u0131k g\u00f6r\u00fclecek her \u015feyi g\u00f6r\u00fcyorsunuz; sinekler ba\u015f\u0131m\u0131za \u00fc\u015f\u00fc\u015ft\u00fc. Belediye \u00e7\u00f6pleri almak yerine sadece sinek ila\u00e7lamas\u0131 yap\u0131yor. Birka\u00e7 ki\u015fi gelip ila\u00e7 s\u0131k\u0131yor, sonra gidiyorlar ama hi\u00e7bir \u00e7\u00f6z\u00fcm olmuyor. Koku ve pislik h\u00e2l\u00e2 burada, ger\u00e7ekten rezalet. Zaten bu restoranda \u00e7o\u011fu ki\u015fi oturmak istemiyor. Oturanlar\u0131n nas\u0131l oturdu\u011funu bilmiyorum, muhtemelen bu duruma al\u0131\u015ft\u0131lar. Ama bizim burnumuz h\u00e2l\u00e2 al\u0131\u015fmad\u0131, durum berbat&#8221; dedi.<\/p>\n<p>&#8220;Utan\u00e7 duyuyorum&#8221;<br \/>\n<br \/>\u0130l\u00e7e sakinlerinden Nurg\u00fcl I\u015f\u0131khan ise, &#8220;\u015eirinyerliyim, 35-40 senedir burada oturuyorum. Bu manzaradan utan\u00e7 duyuyorum. \u0130\u011fren\u00e7 bir \u015fey, insanlar \u00e7\u00f6plerin aras\u0131nda oturup yemek yiyor. \u00c7ok g\u00fcnah, \u00e7ok k\u00f6t\u00fc bir g\u00f6r\u00fcnt\u00fc. Buradan ge\u00e7erken burnumu kapatmak zorunda kal\u0131yorum&#8221; diyerek tepkisini dile getirdi.<\/p>\n<p>Sendika: &#8220;Bizim amac\u0131m\u0131z sokaklar\u0131 kirletmek de\u011fil&#8221;<br \/>\n<br \/>Konuya ili\u015fkin a\u00e7\u0131klama yapan D\u0130SK Genel-\u0130\u015f \u0130zmir 6 No\u2019lu \u015eube Ba\u015fkan\u0131 De\u011fer Y\u0131ld\u0131z, temel taleplerinin son 3 ayl\u0131k maa\u015flar\u0131n eksiksiz olarak \u00f6denmesi oldu\u011funu belirterek, &#8220;Haziran maa\u015f\u0131 yat\u0131r\u0131ld\u0131 ama \u00f6nceki eylemden yap\u0131lan kesintiler nedeniyle \u00e7ok d\u00fc\u015f\u00fck bir \u00f6deme oldu. Temmuz ay\u0131 sosyal haklar\u0131 yatt\u0131 fakat yevmiye esasl\u0131 maa\u015f \u00f6denmedi. Biz Temmuz maa\u015f\u0131n\u0131 eksiksiz istiyoruz. Maa\u015f dedi\u011finiz sadece kuru \u00fccret de\u011fildir; yol, yemek, ikramiye de bunun i\u00e7indedir. \u00d6demeler tam yap\u0131lmad\u0131\u011f\u0131 s\u00fcrece eylem devam edecek&#8221; dedi. Y\u0131ld\u0131z, i\u015f\u00e7ilerin ge\u00e7im s\u0131k\u0131nt\u0131s\u0131na da dikkat \u00e7ekerek, &#8220;Buca\u2019da en basit ev kiras\u0131 20 bin lira. \u0130\u015f\u00e7i 50 bin lira maa\u015f ald\u0131\u011f\u0131nda bunun 20 binini kiraya veriyor. Elektrik, su, mutfak masraflar\u0131 derken ay sonunda i\u015f\u00e7inin elinde sadece nefes alacak kadar para kal\u0131yor. Bizim amac\u0131m\u0131z sokaklar\u0131 kirletmek de\u011fil, hakk\u0131m\u0131z olan maa\u015f\u0131 almak. \u00d6deme yap\u0131l\u0131nca Buca\u2019n\u0131n her yerini temizleriz&#8221; diye konu\u015ftu.<br \/><\/p>\n","protected":false},"excerpt":{"rendered":"<p>Buca Belediyesi\u2019nde maa\u015flar\u0131n\u0131 ve geriye d\u00f6n\u00fck alacaklar\u0131n\u0131 aylard\u0131r alamayan i\u015f\u00e7ilerin eylemi s\u00fcrerken, \u00e7\u00f6pler sokaklarda y\u0131\u011f\u0131n olu\u015fturdu. K\u00f6t\u00fc koku ve sinek istilas\u0131 nedeniyle il\u00e7e sakinleri tepkilerini sert \u015fekilde dile getirdi. \u0130zmir\u2019de CHP\u2019li Buca Belediyesinde, 3 ayd\u0131r \u00f6denmeyen maa\u015flar\u0131 ve geriye d\u00f6n\u00fck toplu s\u00f6zle\u015fme farklar\u0131 i\u00e7in i\u015f b\u0131rakma eylemi ba\u015flatan belediye i\u015f\u00e7ileri, belediye binas\u0131n\u0131 i\u015fgal etti. \u0130\u015f&#8230;<\/p>\n","protected":false},"author":1,"featured_media":54487,"comment_status":"open","ping_status":"open","sticky":false,"template":"","format":"standard","meta":{"_crdt_document":"","footnotes":""},"categories":[1],"tags":[],"class_list":["post-54486","post","type-post","status-publish","format-standard","has-post-thumbnail","hentry","category-guncel"],"_links":{"self":[{"href":"https:\/\/www.egemtv.com\/index.php?rest_route=\/wp\/v2\/posts\/54486","targetHints":{"allow":["GET"]}}],"collection":[{"href":"https:\/\/www.egemtv.com\/index.php?rest_route=\/wp\/v2\/posts"}],"about":[{"href":"https:\/\/www.egemtv.com\/index.php?rest_route=\/wp\/v2\/types\/post"}],"author":[{"embeddable":true,"href":"https:\/\/www.egemtv.com\/index.php?rest_route=\/wp\/v2\/users\/1"}],"replies":[{"embeddable":true,"href":"https:\/\/www.egemtv.com\/index.php?rest_route=%2Fwp%2Fv2%2Fcomments&post=54486"}],"version-history":[{"count":1,"href":"https:\/\/www.egemtv.com\/index.php?rest_route=\/wp\/v2\/posts\/54486\/revisions"}],"predecessor-version":[{"id":54488,"href":"https:\/\/www.egemtv.com\/index.php?rest_route=\/wp\/v2\/posts\/54486\/revisions\/54488"}],"wp:featuredmedia":[{"embeddable":true,"href":"https:\/\/www.egemtv.com\/index.php?rest_route=\/wp\/v2\/media\/54487"}],"wp:attachment":[{"href":"https:\/\/www.egemtv.com\/index.php?rest_route=%2Fwp%2Fv2%2Fmedia&parent=54486"}],"wp:term":[{"taxonomy":"category","embeddable":true,"href":"https:\/\/www.egemtv.com\/index.php?rest_route=%2Fwp%2Fv2%2Fcategories&post=54486"},{"taxonomy":"post_tag","embeddable":true,"href":"https:\/\/www.egemtv.com\/index.php?rest_route=%2Fwp%2Fv2%2Ftags&post=54486"}],"curies":[{"name":"wp","href":"https:\/\/api.w.org\/{rel}","templated":true}]}}