{"id":54483,"date":"2025-09-12T16:55:23","date_gmt":"2025-09-12T13:55:23","guid":{"rendered":"https:\/\/www.egemtv.com\/?p=54483"},"modified":"2025-09-12T16:55:24","modified_gmt":"2025-09-12T13:55:24","slug":"izmirde-tir-surucusu-arac-icerisinde-olu-bulundu","status":"publish","type":"post","link":"https:\/\/www.egemtv.com\/?p=54483","title":{"rendered":"\u0130zmir\u2019de t\u0131r s\u00fcr\u00fcc\u00fcs\u00fc ara\u00e7 i\u00e7erisinde \u00f6l\u00fc bulundu"},"content":{"rendered":"<p>\u0130zmir\u2019de bir zincir markete ait \u00fcr\u00fcnleri ta\u015f\u0131yan t\u0131r s\u00fcr\u00fcc\u00fcs\u00fc, park halindeki arac\u0131nda hayat\u0131n\u0131 kaybetmi\u015f halde bulundu.<br \/>\n<br \/>Torbal\u0131 il\u00e7esi \u00c7apak Mahallesi\u2019nde meydana gelen olayda, t\u0131r \u015fof\u00f6r\u00fc 52 ya\u015f\u0131ndaki Ahmet Vedat \u015eahin, 34 EZB 352 plakal\u0131 ara\u00e7taki malzemeleri bo\u015faltmak i\u00e7in d\u00fcn gece saatlerinde bir zincir markete ait depoya geldi. Geceyi arac\u0131nda ge\u00e7iren \u015eahin\u2019i sabah saatlerinde i\u015f yerine gelen \u00e7al\u0131\u015fanlar ara\u00e7taki malzemeleri almak i\u00e7in uyand\u0131rmaya \u00e7al\u0131\u015ft\u0131. \u00c7al\u0131\u015fanlar, uzun s\u00fcre uyanmayan \u015fof\u00f6rden \u015f\u00fcphelenerek t\u0131r\u0131n cam\u0131n\u0131 k\u0131r\u0131p i\u00e7eri girdi. \u015eahin\u2019in hareketsiz halde oldu\u011funu g\u00f6ren personeller durumu jandarma ve sa\u011fl\u0131k ekiplerine bildirdi. Olay yerine gelen sa\u011fl\u0131k ekiplerince yap\u0131lan ilk incelemede Ahmet Vedat \u015eahin\u2019in hayat\u0131n\u0131 kaybetti\u011fini belirledi. \u015eahin\u2019in cenazesi, kesin \u00f6l\u00fcm nedeninin belirlenmesi i\u00e7in \u0130zmir Adli T\u0131p Kurumu morguna kald\u0131r\u0131ld\u0131.<br \/>\n<br \/>Olayla ilgili soru\u015fturma ba\u015flat\u0131ld\u0131\u011f\u0131 \u00f6\u011frenildi.<br \/><\/p>\n","protected":false},"excerpt":{"rendered":"<p>\u0130zmir\u2019de bir zincir markete ait \u00fcr\u00fcnleri ta\u015f\u0131yan t\u0131r s\u00fcr\u00fcc\u00fcs\u00fc, park halindeki arac\u0131nda hayat\u0131n\u0131 kaybetmi\u015f halde bulundu. Torbal\u0131 il\u00e7esi \u00c7apak Mahallesi\u2019nde meydana gelen olayda, t\u0131r \u015fof\u00f6r\u00fc 52 ya\u015f\u0131ndaki Ahmet Vedat \u015eahin, 34 EZB 352 plakal\u0131 ara\u00e7taki malzemeleri bo\u015faltmak i\u00e7in d\u00fcn gece saatlerinde bir zincir markete ait depoya geldi. Geceyi arac\u0131nda ge\u00e7iren \u015eahin\u2019i sabah saatlerinde i\u015f yerine&#8230;<\/p>\n","protected":false},"author":1,"featured_media":54484,"comment_status":"open","ping_status":"open","sticky":false,"template":"","format":"standard","meta":{"_crdt_document":"","footnotes":""},"categories":[5],"tags":[],"class_list":["post-54483","post","type-post","status-publish","format-standard","has-post-thumbnail","hentry","category-asayis"],"_links":{"self":[{"href":"https:\/\/www.egemtv.com\/index.php?rest_route=\/wp\/v2\/posts\/54483","targetHints":{"allow":["GET"]}}],"collection":[{"href":"https:\/\/www.egemtv.com\/index.php?rest_route=\/wp\/v2\/posts"}],"about":[{"href":"https:\/\/www.egemtv.com\/index.php?rest_route=\/wp\/v2\/types\/post"}],"author":[{"embeddable":true,"href":"https:\/\/www.egemtv.com\/index.php?rest_route=\/wp\/v2\/users\/1"}],"replies":[{"embeddable":true,"href":"https:\/\/www.egemtv.com\/index.php?rest_route=%2Fwp%2Fv2%2Fcomments&post=54483"}],"version-history":[{"count":1,"href":"https:\/\/www.egemtv.com\/index.php?rest_route=\/wp\/v2\/posts\/54483\/revisions"}],"predecessor-version":[{"id":54485,"href":"https:\/\/www.egemtv.com\/index.php?rest_route=\/wp\/v2\/posts\/54483\/revisions\/54485"}],"wp:featuredmedia":[{"embeddable":true,"href":"https:\/\/www.egemtv.com\/index.php?rest_route=\/wp\/v2\/media\/54484"}],"wp:attachment":[{"href":"https:\/\/www.egemtv.com\/index.php?rest_route=%2Fwp%2Fv2%2Fmedia&parent=54483"}],"wp:term":[{"taxonomy":"category","embeddable":true,"href":"https:\/\/www.egemtv.com\/index.php?rest_route=%2Fwp%2Fv2%2Fcategories&post=54483"},{"taxonomy":"post_tag","embeddable":true,"href":"https:\/\/www.egemtv.com\/index.php?rest_route=%2Fwp%2Fv2%2Ftags&post=54483"}],"curies":[{"name":"wp","href":"https:\/\/api.w.org\/{rel}","templated":true}]}}