{"id":54480,"date":"2025-09-12T16:34:59","date_gmt":"2025-09-12T13:34:59","guid":{"rendered":"https:\/\/www.egemtv.com\/?p=54480"},"modified":"2025-09-12T16:35:00","modified_gmt":"2025-09-12T13:35:00","slug":"seydikemerde-kereste-deposunda-yangin","status":"publish","type":"post","link":"https:\/\/www.egemtv.com\/?p=54480","title":{"rendered":"Seydikemer\u2019de kereste deposunda yang\u0131n"},"content":{"rendered":"<p>Mu\u011fla\u2019n\u0131n Seydikemer il\u00e7esindeki kereste deposundaki yang\u0131n\u0131 s\u00f6nd\u00fcrme \u00e7al\u0131\u015fmalar\u0131 devam ediyor.<\/p>\n<p>Edinilen bilgiye g\u00f6re, Zorlar Mahallesi \u00e7evre yolu \u00fczerindeki bir kereste deposunda hen\u00fcz belirlenemeyen bir nedenle yang\u0131n \u00e7\u0131kt\u0131. Dumanlar\u0131 g\u00f6ren vatanda\u015flar\u0131n 112 Acil \u00c7a\u011fr\u0131 Merkezi\u2019ne ihbarda bulunmas\u0131 \u00fczerine b\u00f6lgeye \u00e7ok say\u0131da itfaiye, orman ve polis ekibi sevk edildi. Ekipler, alevlerin \u00e7evredeki alanlara s\u0131\u00e7ramas\u0131n\u0131 \u00f6nlemek i\u00e7in yo\u011fun \u00e7aba g\u00f6sterdi. Yang\u0131na karadan m\u00fcdahalenin yan\u0131 s\u0131ra havadan helikopter deste\u011fiyle de s\u00f6nd\u00fcrme \u00e7al\u0131\u015fmalar\u0131 s\u00fcr\u00fcyor. Yang\u0131n\u0131n \u00e7\u0131k\u0131\u015f nedeninin belirlenmesi i\u00e7in ekipler taraf\u0131ndan inceleme ba\u015flat\u0131ld\u0131.<br \/><\/p>\n","protected":false},"excerpt":{"rendered":"<p>Mu\u011fla\u2019n\u0131n Seydikemer il\u00e7esindeki kereste deposundaki yang\u0131n\u0131 s\u00f6nd\u00fcrme \u00e7al\u0131\u015fmalar\u0131 devam ediyor. Edinilen bilgiye g\u00f6re, Zorlar Mahallesi \u00e7evre yolu \u00fczerindeki bir kereste deposunda hen\u00fcz belirlenemeyen bir nedenle yang\u0131n \u00e7\u0131kt\u0131. Dumanlar\u0131 g\u00f6ren vatanda\u015flar\u0131n 112 Acil \u00c7a\u011fr\u0131 Merkezi\u2019ne ihbarda bulunmas\u0131 \u00fczerine b\u00f6lgeye \u00e7ok say\u0131da itfaiye, orman ve polis ekibi sevk edildi. Ekipler, alevlerin \u00e7evredeki alanlara s\u0131\u00e7ramas\u0131n\u0131 \u00f6nlemek i\u00e7in yo\u011fun&#8230;<\/p>\n","protected":false},"author":1,"featured_media":54481,"comment_status":"open","ping_status":"open","sticky":false,"template":"","format":"standard","meta":{"_crdt_document":"","footnotes":""},"categories":[5],"tags":[],"class_list":["post-54480","post","type-post","status-publish","format-standard","has-post-thumbnail","hentry","category-asayis"],"_links":{"self":[{"href":"https:\/\/www.egemtv.com\/index.php?rest_route=\/wp\/v2\/posts\/54480","targetHints":{"allow":["GET"]}}],"collection":[{"href":"https:\/\/www.egemtv.com\/index.php?rest_route=\/wp\/v2\/posts"}],"about":[{"href":"https:\/\/www.egemtv.com\/index.php?rest_route=\/wp\/v2\/types\/post"}],"author":[{"embeddable":true,"href":"https:\/\/www.egemtv.com\/index.php?rest_route=\/wp\/v2\/users\/1"}],"replies":[{"embeddable":true,"href":"https:\/\/www.egemtv.com\/index.php?rest_route=%2Fwp%2Fv2%2Fcomments&post=54480"}],"version-history":[{"count":1,"href":"https:\/\/www.egemtv.com\/index.php?rest_route=\/wp\/v2\/posts\/54480\/revisions"}],"predecessor-version":[{"id":54482,"href":"https:\/\/www.egemtv.com\/index.php?rest_route=\/wp\/v2\/posts\/54480\/revisions\/54482"}],"wp:featuredmedia":[{"embeddable":true,"href":"https:\/\/www.egemtv.com\/index.php?rest_route=\/wp\/v2\/media\/54481"}],"wp:attachment":[{"href":"https:\/\/www.egemtv.com\/index.php?rest_route=%2Fwp%2Fv2%2Fmedia&parent=54480"}],"wp:term":[{"taxonomy":"category","embeddable":true,"href":"https:\/\/www.egemtv.com\/index.php?rest_route=%2Fwp%2Fv2%2Fcategories&post=54480"},{"taxonomy":"post_tag","embeddable":true,"href":"https:\/\/www.egemtv.com\/index.php?rest_route=%2Fwp%2Fv2%2Ftags&post=54480"}],"curies":[{"name":"wp","href":"https:\/\/api.w.org\/{rel}","templated":true}]}}