{"id":54477,"date":"2025-09-12T16:34:58","date_gmt":"2025-09-12T13:34:58","guid":{"rendered":"https:\/\/www.egemtv.com\/?p=54477"},"modified":"2025-09-12T16:34:59","modified_gmt":"2025-09-12T13:34:59","slug":"manisada-yaya-yollarinda-motosiklet-denetimi","status":"publish","type":"post","link":"https:\/\/www.egemtv.com\/?p=54477","title":{"rendered":"Manisa\u2019da yaya yollar\u0131nda motosiklet denetimi"},"content":{"rendered":"<p>Manisa B\u00fcy\u00fck\u015fehir Belediyesi Ula\u015f\u0131m Dairesi Ba\u015fkanl\u0131\u011f\u0131\u2019na ba\u011fl\u0131 trafik zab\u0131tas\u0131 ekipleri, sevgi yollar\u0131 ve parklarda motosiklet ve elektrikli bisiklet ge\u00e7i\u015flerine y\u00f6nelik denetim yapt\u0131. Yaya yollar\u0131n\u0131 ihlal eden s\u00fcr\u00fcc\u00fclere cezai i\u015flem uyguland\u0131.<br \/>\n<br \/>Manisa\u2019da yayalara ayr\u0131lan alanlar\u0131 ge\u00e7i\u015f g\u00fczergah\u0131 olarak kullanan s\u00fcr\u00fcc\u00fclere uyar\u0131lar yap\u0131ld\u0131. Trafik zab\u0131tas\u0131 ekipleri, bu alanlar\u0131n yaln\u0131zca yayalara tahsis edildi\u011fini, motorlu ara\u00e7 kullan\u0131m\u0131n\u0131n hem can g\u00fcvenli\u011fini tehlikeye att\u0131\u011f\u0131n\u0131 hem de kamusal alanlar\u0131n amac\u0131n\u0131n d\u0131\u015f\u0131nda kullan\u0131lmas\u0131na yol a\u00e7t\u0131\u011f\u0131n\u0131 belirtti.<br \/>\n<br \/>Denetimlerle ilgili bilgi veren Manisa B\u00fcy\u00fck\u015fehir Belediyesi Ula\u015f\u0131m Dairesi Trafik Zab\u0131ta Personeli Fevzi D\u00fckar, &#8220;Manisa B\u00fcy\u00fck\u015fehir Belediye Ba\u015fkan\u0131m\u0131z Besim Dutlulu\u2019nun talimatlar\u0131 ile halk\u0131m\u0131z\u0131n daha huzurlu y\u00fcr\u00fcyebilmesi i\u00e7in denetimlerimizi s\u00fcrd\u00fcr\u00fcyoruz. Yayalar\u0131m\u0131z\u0131n haklar\u0131n\u0131 ihlal eden ve g\u00fcvenli\u011fini riske atan motosiklet s\u00fcr\u00fcc\u00fclerine cezai i\u015flem uygulanmaktad\u0131r. Emniyet m\u00fcd\u00fcrl\u00fc\u011f\u00fcne ba\u011fl\u0131 trafik ekipleriyle birlikte ortak \u00e7al\u0131\u015f\u0131yoruz&#8221; dedi.<br \/><\/p>\n","protected":false},"excerpt":{"rendered":"<p>Manisa B\u00fcy\u00fck\u015fehir Belediyesi Ula\u015f\u0131m Dairesi Ba\u015fkanl\u0131\u011f\u0131\u2019na ba\u011fl\u0131 trafik zab\u0131tas\u0131 ekipleri, sevgi yollar\u0131 ve parklarda motosiklet ve elektrikli bisiklet ge\u00e7i\u015flerine y\u00f6nelik denetim yapt\u0131. Yaya yollar\u0131n\u0131 ihlal eden s\u00fcr\u00fcc\u00fclere cezai i\u015flem uyguland\u0131. Manisa\u2019da yayalara ayr\u0131lan alanlar\u0131 ge\u00e7i\u015f g\u00fczergah\u0131 olarak kullanan s\u00fcr\u00fcc\u00fclere uyar\u0131lar yap\u0131ld\u0131. Trafik zab\u0131tas\u0131 ekipleri, bu alanlar\u0131n yaln\u0131zca yayalara tahsis edildi\u011fini, motorlu ara\u00e7 kullan\u0131m\u0131n\u0131n hem can&#8230;<\/p>\n","protected":false},"author":1,"featured_media":54478,"comment_status":"open","ping_status":"open","sticky":false,"template":"","format":"standard","meta":{"_crdt_document":"","footnotes":""},"categories":[5],"tags":[],"class_list":["post-54477","post","type-post","status-publish","format-standard","has-post-thumbnail","hentry","category-asayis"],"_links":{"self":[{"href":"https:\/\/www.egemtv.com\/index.php?rest_route=\/wp\/v2\/posts\/54477","targetHints":{"allow":["GET"]}}],"collection":[{"href":"https:\/\/www.egemtv.com\/index.php?rest_route=\/wp\/v2\/posts"}],"about":[{"href":"https:\/\/www.egemtv.com\/index.php?rest_route=\/wp\/v2\/types\/post"}],"author":[{"embeddable":true,"href":"https:\/\/www.egemtv.com\/index.php?rest_route=\/wp\/v2\/users\/1"}],"replies":[{"embeddable":true,"href":"https:\/\/www.egemtv.com\/index.php?rest_route=%2Fwp%2Fv2%2Fcomments&post=54477"}],"version-history":[{"count":1,"href":"https:\/\/www.egemtv.com\/index.php?rest_route=\/wp\/v2\/posts\/54477\/revisions"}],"predecessor-version":[{"id":54479,"href":"https:\/\/www.egemtv.com\/index.php?rest_route=\/wp\/v2\/posts\/54477\/revisions\/54479"}],"wp:featuredmedia":[{"embeddable":true,"href":"https:\/\/www.egemtv.com\/index.php?rest_route=\/wp\/v2\/media\/54478"}],"wp:attachment":[{"href":"https:\/\/www.egemtv.com\/index.php?rest_route=%2Fwp%2Fv2%2Fmedia&parent=54477"}],"wp:term":[{"taxonomy":"category","embeddable":true,"href":"https:\/\/www.egemtv.com\/index.php?rest_route=%2Fwp%2Fv2%2Fcategories&post=54477"},{"taxonomy":"post_tag","embeddable":true,"href":"https:\/\/www.egemtv.com\/index.php?rest_route=%2Fwp%2Fv2%2Ftags&post=54477"}],"curies":[{"name":"wp","href":"https:\/\/api.w.org\/{rel}","templated":true}]}}