{"id":54471,"date":"2025-09-12T16:15:04","date_gmt":"2025-09-12T13:15:04","guid":{"rendered":"https:\/\/www.egemtv.com\/?p=54471"},"modified":"2025-09-12T16:15:05","modified_gmt":"2025-09-12T13:15:05","slug":"egitim-bir-sen-is-yeri-temsilcileri-bir-araya-geldi","status":"publish","type":"post","link":"https:\/\/www.egemtv.com\/?p=54471","title":{"rendered":"E\u011fitim Bir Sen i\u015f yeri temsilcileri bir araya geldi"},"content":{"rendered":"<p>Memur Sen Manisa \u0130l Temsilcisi ve E\u011fitim Bir Sen Manisa 1 Nolu \u015eube Ba\u015fkan\u0131 Ahmet Yasav, E\u011fitim-Bir-Sen\u2019in \u015eehzadeler \u0130l\u00e7e Temsilcili\u011fi ve Yunusemre \u0130l\u00e7e Temsilcili\u011fi taraf\u0131ndan d\u00fczenlenen i\u015f yeri temsilcileri toplant\u0131lar\u0131na kat\u0131ld\u0131.<br \/>\n<br \/>E\u011fitim Bir Sen \u015eehzadeler ve Yunusemre \u0130l\u00e7e Temsilcilikleri taraf\u0131ndan Manisa \u00d6\u011fretmenevinde \u0130\u015f Yeri Temsilcileri Toplant\u0131lar\u0131 ger\u00e7ekle\u015ftirildi. Her iki toplant\u0131ya da kat\u0131lan Memur Sen Manisa \u0130l Temsilcisi ve E\u011fitim Bir Sen Manisa 1 Nolu \u015eube Ba\u015fkan\u0131 Ahmet Yasav, sendikalar\u0131n\u0131n b\u00fcy\u00fcmeye devam etti\u011fini belirterek, eme\u011fi ge\u00e7enlere te\u015fekk\u00fcr etti. Yap\u0131lan toplant\u0131larda i\u015f yeri temsilcileri ve sendika y\u00f6neticileri kar\u015f\u0131l\u0131kl\u0131 fikir al\u0131\u015fveri\u015finde bulundu.<\/p>\n<p>Emekli \u00fcyelere plaket takdim edildi<br \/>\n<br \/>E\u011fitim Bir Sen Yunusemre \u0130l\u00e7e Temsilcili\u011fi taraf\u0131ndan ger\u00e7ekle\u015ftirilen \u0130\u015f Yeri Temsilcileri Toplant\u0131s\u0131nda emekli olan \u00fcyeleri Halis Karata\u015f\u2019a, bir \u00f6nceki d\u00f6nem Yunusemre \u0130l\u00e7e Milli E\u011fitim M\u00fcd\u00fcrl\u00fc\u011f\u00fc\u2019nde \u015eube M\u00fcd\u00fcrl\u00fc\u011f\u00fc yapan Ya\u015far \u0130zg\u00fct ve Zeynel Mutlu\u2019ya plaket takdiminde bulunuldu. Yunusemre Temsilcisi S\u00fcleyman Bozok, toplant\u0131ya kat\u0131lan herkese te\u015fekk\u00fcr etti. Toplant\u0131ya, Yunusemre \u0130l\u00e7e Milli E\u011fitim M\u00fcd\u00fcr\u00fc Y\u0131ld\u0131ray Demirta\u015f, Yunusemre \u0130l\u00e7e Milli E\u011fitim M\u00fcd\u00fcrl\u00fc\u011f\u00fc \u015eube M\u00fcd\u00fcrleri, \u0130l\u00e7e Milli E\u011fitim M\u00fcd\u00fcrl\u00fc\u011f\u00fc Personeli ve te\u015fkilat\u0131n i\u015f yeri temsilcileri kat\u0131ld\u0131.<br \/>\n<br \/>Memur Sen Manisa \u0130l Temsilcisi ve E\u011fitim Bir Sen Manisa 1 Nolu \u015eube Ba\u015fkan\u0131 Ahmet Yasav, &#8220;\u015eehzadeler \u0130l\u00e7e Temsilcili\u011fimiz ve Yunusemre \u0130l\u00e7e Temsilcili\u011fimiz taraf\u0131ndan d\u00fczenlenen \u0130\u015fyeri Temsilcileri \u0130sti\u015fare Toplant\u0131lar\u0131na kat\u0131ld\u0131k. Bizlere i\u015f yeri temsilcilerimizle nezih ve samimi bir ortam haz\u0131rlayan, emek veren ba\u015fta \u015eehzadeler \u0130l\u00e7e Temsilcimiz Mevl\u00fct Baki Tun\u00e7, Yunusemre \u0130l\u00e7e Temsilcimiz S\u00fcleyman Bozok ve y\u00f6netim kurulu \u00fcyelerine, kad\u0131nlar komisyonu ba\u015fkan\u0131 ve y\u00f6netim kurulu \u00fcyelerine, programlar\u0131m\u0131za kat\u0131l\u0131m sa\u011flayan \u015eehzadeler \u0130l\u00e7e Milli E\u011fitim M\u00fcd\u00fcrl\u00fc\u011f\u00fc y\u00f6netici ve \u00e7al\u0131\u015fanlar\u0131na, Yunusemre \u0130l\u00e7e Milli E\u011fitim M\u00fcd\u00fcr\u00fc Y\u0131ld\u0131ray Demirta\u015f ve y\u00f6neticilerine, te\u015fkilat\u0131m\u0131z\u0131n gizli kahramanlar\u0131, u\u00e7 beyleri de\u011ferli i\u015f yeri temsilcilerimize kat\u0131l\u0131mlar\u0131ndan dolay\u0131 y\u00f6netim kurulumuz ad\u0131na te\u015fekk\u00fcr ederiz.&#8221; dedi.<br \/><\/p>\n","protected":false},"excerpt":{"rendered":"<p>Memur Sen Manisa \u0130l Temsilcisi ve E\u011fitim Bir Sen Manisa 1 Nolu \u015eube Ba\u015fkan\u0131 Ahmet Yasav, E\u011fitim-Bir-Sen\u2019in \u015eehzadeler \u0130l\u00e7e Temsilcili\u011fi ve Yunusemre \u0130l\u00e7e Temsilcili\u011fi taraf\u0131ndan d\u00fczenlenen i\u015f yeri temsilcileri toplant\u0131lar\u0131na kat\u0131ld\u0131. E\u011fitim Bir Sen \u015eehzadeler ve Yunusemre \u0130l\u00e7e Temsilcilikleri taraf\u0131ndan Manisa \u00d6\u011fretmenevinde \u0130\u015f Yeri Temsilcileri Toplant\u0131lar\u0131 ger\u00e7ekle\u015ftirildi. Her iki toplant\u0131ya da kat\u0131lan Memur Sen Manisa&#8230;<\/p>\n","protected":false},"author":1,"featured_media":54472,"comment_status":"open","ping_status":"open","sticky":false,"template":"","format":"standard","meta":{"_crdt_document":"","footnotes":""},"categories":[1],"tags":[],"class_list":["post-54471","post","type-post","status-publish","format-standard","has-post-thumbnail","hentry","category-guncel"],"_links":{"self":[{"href":"https:\/\/www.egemtv.com\/index.php?rest_route=\/wp\/v2\/posts\/54471","targetHints":{"allow":["GET"]}}],"collection":[{"href":"https:\/\/www.egemtv.com\/index.php?rest_route=\/wp\/v2\/posts"}],"about":[{"href":"https:\/\/www.egemtv.com\/index.php?rest_route=\/wp\/v2\/types\/post"}],"author":[{"embeddable":true,"href":"https:\/\/www.egemtv.com\/index.php?rest_route=\/wp\/v2\/users\/1"}],"replies":[{"embeddable":true,"href":"https:\/\/www.egemtv.com\/index.php?rest_route=%2Fwp%2Fv2%2Fcomments&post=54471"}],"version-history":[{"count":1,"href":"https:\/\/www.egemtv.com\/index.php?rest_route=\/wp\/v2\/posts\/54471\/revisions"}],"predecessor-version":[{"id":54473,"href":"https:\/\/www.egemtv.com\/index.php?rest_route=\/wp\/v2\/posts\/54471\/revisions\/54473"}],"wp:featuredmedia":[{"embeddable":true,"href":"https:\/\/www.egemtv.com\/index.php?rest_route=\/wp\/v2\/media\/54472"}],"wp:attachment":[{"href":"https:\/\/www.egemtv.com\/index.php?rest_route=%2Fwp%2Fv2%2Fmedia&parent=54471"}],"wp:term":[{"taxonomy":"category","embeddable":true,"href":"https:\/\/www.egemtv.com\/index.php?rest_route=%2Fwp%2Fv2%2Fcategories&post=54471"},{"taxonomy":"post_tag","embeddable":true,"href":"https:\/\/www.egemtv.com\/index.php?rest_route=%2Fwp%2Fv2%2Ftags&post=54471"}],"curies":[{"name":"wp","href":"https:\/\/api.w.org\/{rel}","templated":true}]}}