{"id":54465,"date":"2025-09-12T15:35:16","date_gmt":"2025-09-12T12:35:16","guid":{"rendered":"https:\/\/www.egemtv.com\/?p=54465"},"modified":"2025-09-12T15:35:17","modified_gmt":"2025-09-12T12:35:17","slug":"ayto-zeytinyagi-uretim-operatorlugu-alaninda-belgelendirme-sinavlarini-surduruyor","status":"publish","type":"post","link":"https:\/\/www.egemtv.com\/?p=54465","title":{"rendered":"AYTO, Zeytinya\u011f\u0131 \u00dcretim Operat\u00f6rl\u00fc\u011f\u00fc alan\u0131nda belgelendirme s\u0131navlar\u0131n\u0131 s\u00fcrd\u00fcr\u00fcyor"},"content":{"rendered":"<p>Ayd\u0131n Ticaret Odas\u0131 Mesleki Yeterlilik ve Belgelendirme Merkezi (AYTO AYMES), Mesleki Yeterlilik Kurumu (MYK) taraf\u0131ndan zorunlu hale getirilen mesleklerden biri olan Zeytinya\u011f\u0131 \u00dcretim Operat\u00f6r\u00fc alan\u0131nda s\u0131nav ve belgelendirme faaliyetlerine aral\u0131ks\u0131z devam ediyor.<br \/>\n<br \/>T\u00fcrkiye\u2019nin en \u00f6nemli zeytinya\u011f\u0131 \u00fcretim merkezlerinden biri olan Ayd\u0131n\u2019da ger\u00e7ekle\u015ftirilen s\u0131navlarda adaylar, mesleki bilgi ve becerilerini hem teorik hem de uygulamal\u0131 a\u015famalarda sergiliyor. Ger\u00e7ek i\u015f ortamlar\u0131n\u0131 yans\u0131tan uygulamal\u0131 s\u0131navlarda, adaylar\u0131n \u00fcretim s\u00fcrecindeki yetkinlikleri dikkatle de\u011ferlendiriliyor.<br \/>\n<br \/>S\u0131nav\u0131 ba\u015far\u0131yla tamamlayan adaylar, MYK onayl\u0131 Mesleki Yeterlilik Belgesi almaya hak kazanarak sekt\u00f6rdeki yasal gereklilikleri kar\u015f\u0131lam\u0131\u015f oluyor. Bu belge, hem i\u015fverenler hem de \u00e7al\u0131\u015fanlar i\u00e7in kalite ve g\u00fcvence anlam\u0131 ta\u015f\u0131yor.<br \/>\n<br \/>AYTO \u00e7at\u0131s\u0131 alt\u0131nda faaliyet g\u00f6steren AYMES, nitelikli i\u015f g\u00fcc\u00fcn\u00fcn art\u0131r\u0131lmas\u0131na katk\u0131 sa\u011flamak amac\u0131yla \u00f6n\u00fcm\u00fczdeki d\u00f6nemde farkl\u0131 meslek dallar\u0131nda da s\u0131nav ve belgelendirme \u00e7al\u0131\u015fmalar\u0131n\u0131 s\u00fcrd\u00fcrmeyi hedefliyor.<br \/><\/p>\n","protected":false},"excerpt":{"rendered":"<p>Ayd\u0131n Ticaret Odas\u0131 Mesleki Yeterlilik ve Belgelendirme Merkezi (AYTO AYMES), Mesleki Yeterlilik Kurumu (MYK) taraf\u0131ndan zorunlu hale getirilen mesleklerden biri olan Zeytinya\u011f\u0131 \u00dcretim Operat\u00f6r\u00fc alan\u0131nda s\u0131nav ve belgelendirme faaliyetlerine aral\u0131ks\u0131z devam ediyor. T\u00fcrkiye\u2019nin en \u00f6nemli zeytinya\u011f\u0131 \u00fcretim merkezlerinden biri olan Ayd\u0131n\u2019da ger\u00e7ekle\u015ftirilen s\u0131navlarda adaylar, mesleki bilgi ve becerilerini hem teorik hem de uygulamal\u0131 a\u015famalarda sergiliyor&#8230;.<\/p>\n","protected":false},"author":1,"featured_media":54466,"comment_status":"open","ping_status":"open","sticky":false,"template":"","format":"standard","meta":{"_crdt_document":"","footnotes":""},"categories":[1],"tags":[],"class_list":["post-54465","post","type-post","status-publish","format-standard","has-post-thumbnail","hentry","category-guncel"],"_links":{"self":[{"href":"https:\/\/www.egemtv.com\/index.php?rest_route=\/wp\/v2\/posts\/54465","targetHints":{"allow":["GET"]}}],"collection":[{"href":"https:\/\/www.egemtv.com\/index.php?rest_route=\/wp\/v2\/posts"}],"about":[{"href":"https:\/\/www.egemtv.com\/index.php?rest_route=\/wp\/v2\/types\/post"}],"author":[{"embeddable":true,"href":"https:\/\/www.egemtv.com\/index.php?rest_route=\/wp\/v2\/users\/1"}],"replies":[{"embeddable":true,"href":"https:\/\/www.egemtv.com\/index.php?rest_route=%2Fwp%2Fv2%2Fcomments&post=54465"}],"version-history":[{"count":1,"href":"https:\/\/www.egemtv.com\/index.php?rest_route=\/wp\/v2\/posts\/54465\/revisions"}],"predecessor-version":[{"id":54467,"href":"https:\/\/www.egemtv.com\/index.php?rest_route=\/wp\/v2\/posts\/54465\/revisions\/54467"}],"wp:featuredmedia":[{"embeddable":true,"href":"https:\/\/www.egemtv.com\/index.php?rest_route=\/wp\/v2\/media\/54466"}],"wp:attachment":[{"href":"https:\/\/www.egemtv.com\/index.php?rest_route=%2Fwp%2Fv2%2Fmedia&parent=54465"}],"wp:term":[{"taxonomy":"category","embeddable":true,"href":"https:\/\/www.egemtv.com\/index.php?rest_route=%2Fwp%2Fv2%2Fcategories&post=54465"},{"taxonomy":"post_tag","embeddable":true,"href":"https:\/\/www.egemtv.com\/index.php?rest_route=%2Fwp%2Fv2%2Ftags&post=54465"}],"curies":[{"name":"wp","href":"https:\/\/api.w.org\/{rel}","templated":true}]}}