{"id":54462,"date":"2025-09-12T15:35:15","date_gmt":"2025-09-12T12:35:15","guid":{"rendered":"https:\/\/www.egemtv.com\/?p=54462"},"modified":"2025-09-12T15:35:16","modified_gmt":"2025-09-12T12:35:16","slug":"denizli-siyasetinin-onemli-ismi-yagci-son-yolculuguna-ugurlandi","status":"publish","type":"post","link":"https:\/\/www.egemtv.com\/?p=54462","title":{"rendered":"Denizli siyasetinin \u00f6nemli ismi Ya\u011fc\u0131 son yolculu\u011funa u\u011furland\u0131"},"content":{"rendered":"<p>DEN\u0130ZL\u0130 (\u0130HA) \u2013 Denizli siyaset ve yarg\u0131 camias\u0131n\u0131n sevilen isimlerinden olan \u00d6mer Naci Ya\u011fc\u0131, son yolculu\u011funa u\u011furland\u0131.<\/p>\n<p>Cumhuriyet Halk Partisi\u2019nin (CHP) \u00e7e\u015fitli kademelerinde g\u00f6rev yapan avukat \u00d6mer Naci Ya\u011fc\u0131, 3 y\u0131ld\u0131r m\u00fccadele etti\u011fi hastal\u0131\u011f\u0131na ba\u011fl\u0131 olarak 65 ya\u015f\u0131nda d\u00fcn hayat\u0131n\u0131 kaybetti. Denizli siyaset ve yarg\u0131 camias\u0131n\u0131n sevilen isimlerinden olan Ya\u011fc\u0131 i\u00e7in bug\u00fcn CHP il binas\u0131 \u00f6n\u00fcnde t\u00f6ren d\u00fczenlendi.<\/p>\n<p>\u00d6mer Naci Ya\u011fc\u0131\u2019n\u0131n toplumun her kesimi taraf\u0131ndan sevilen ve say\u0131lan bir ki\u015filik oldu\u011funu belirten CHP \u0130l Ba\u015fkan\u0131 Ali Osman Horzum, &#8220;Bug\u00fcn de\u011ferli a\u011fabeyimiz \u00d6mer Naci Ya\u011fc\u0131\u2019y\u0131 ebediyete u\u011furluyoruz. 1985 y\u0131l\u0131ndan bu yana 40 y\u0131ld\u0131r partimizin her kademesinde g\u00f6rev alarak, bizlere \u00f6rnek oldu. \u00d6nceli\u011fi hep CHP oldu ve hep parti i\u00e7in \u00e7al\u0131\u015ft\u0131. Asla bir mevki veya makamda g\u00f6z\u00fc olmad\u0131. Cumhuriyet Halk Partisinin her zaman T\u00fcrkiye\u2019nin g\u00fcvencesi oldu\u011funa inand\u0131. Alt\u0131 okun g\u00f6sterdi\u011fi yolda y\u00fcr\u00fcy\u00fc\u015f\u00fcyle hep bizlere \u00f6rnek oldu&#8221; diye konu\u015ftu.<\/p>\n<p>Hayat\u0131n\u0131 kaybeden \u00d6mer Naci Ya\u011fc\u0131\u2019n\u0131n cenazesi, buradaki t\u00f6renin ard\u0131ndan Delikli\u00e7\u0131nar Yeni Camiye getirildi. Ya\u011fc\u0131\u2019n\u0131n cenazesi, Cuma vakti k\u0131l\u0131nan cenaze namaz\u0131 sonras\u0131 Denizli Asli Mezarl\u0131kta dualarla son yolculu\u011funa u\u011furland\u0131.<\/p>\n<p>Avukat \u00d6mer Naci Ya\u011fc\u0131 i\u00e7in d\u00fczenlenen t\u00f6rene Denizli B\u00fcy\u00fck\u015fehir Belediye Ba\u015fkan\u0131 B\u00fclent Nuri \u00c7avu\u015fo\u011flu, CHP Denizli \u0130l Ba\u015fkan\u0131 Ali Osman Horzum, Denizli Barosu Ba\u015fkan\u0131 Ufuk K\u00f6k, il\u00e7e belediye ba\u015fkanlar\u0131, CHP il\u00e7e ba\u015fkanlar\u0131, il ve il\u00e7e \u00f6rg\u00fct\u00fc \u00fcyeleriyle Ya\u011fc\u0131 ailesinin yak\u0131nlar\u0131 kat\u0131ld\u0131.<br \/><\/p>\n","protected":false},"excerpt":{"rendered":"<p>DEN\u0130ZL\u0130 (\u0130HA) \u2013 Denizli siyaset ve yarg\u0131 camias\u0131n\u0131n sevilen isimlerinden olan \u00d6mer Naci Ya\u011fc\u0131, son yolculu\u011funa u\u011furland\u0131. Cumhuriyet Halk Partisi\u2019nin (CHP) \u00e7e\u015fitli kademelerinde g\u00f6rev yapan avukat \u00d6mer Naci Ya\u011fc\u0131, 3 y\u0131ld\u0131r m\u00fccadele etti\u011fi hastal\u0131\u011f\u0131na ba\u011fl\u0131 olarak 65 ya\u015f\u0131nda d\u00fcn hayat\u0131n\u0131 kaybetti. Denizli siyaset ve yarg\u0131 camias\u0131n\u0131n sevilen isimlerinden olan Ya\u011fc\u0131 i\u00e7in bug\u00fcn CHP il binas\u0131&#8230;<\/p>\n","protected":false},"author":1,"featured_media":54463,"comment_status":"open","ping_status":"open","sticky":false,"template":"","format":"standard","meta":{"_crdt_document":"","footnotes":""},"categories":[123],"tags":[],"class_list":["post-54462","post","type-post","status-publish","format-standard","has-post-thumbnail","hentry","category-gundem"],"_links":{"self":[{"href":"https:\/\/www.egemtv.com\/index.php?rest_route=\/wp\/v2\/posts\/54462","targetHints":{"allow":["GET"]}}],"collection":[{"href":"https:\/\/www.egemtv.com\/index.php?rest_route=\/wp\/v2\/posts"}],"about":[{"href":"https:\/\/www.egemtv.com\/index.php?rest_route=\/wp\/v2\/types\/post"}],"author":[{"embeddable":true,"href":"https:\/\/www.egemtv.com\/index.php?rest_route=\/wp\/v2\/users\/1"}],"replies":[{"embeddable":true,"href":"https:\/\/www.egemtv.com\/index.php?rest_route=%2Fwp%2Fv2%2Fcomments&post=54462"}],"version-history":[{"count":1,"href":"https:\/\/www.egemtv.com\/index.php?rest_route=\/wp\/v2\/posts\/54462\/revisions"}],"predecessor-version":[{"id":54464,"href":"https:\/\/www.egemtv.com\/index.php?rest_route=\/wp\/v2\/posts\/54462\/revisions\/54464"}],"wp:featuredmedia":[{"embeddable":true,"href":"https:\/\/www.egemtv.com\/index.php?rest_route=\/wp\/v2\/media\/54463"}],"wp:attachment":[{"href":"https:\/\/www.egemtv.com\/index.php?rest_route=%2Fwp%2Fv2%2Fmedia&parent=54462"}],"wp:term":[{"taxonomy":"category","embeddable":true,"href":"https:\/\/www.egemtv.com\/index.php?rest_route=%2Fwp%2Fv2%2Fcategories&post=54462"},{"taxonomy":"post_tag","embeddable":true,"href":"https:\/\/www.egemtv.com\/index.php?rest_route=%2Fwp%2Fv2%2Ftags&post=54462"}],"curies":[{"name":"wp","href":"https:\/\/api.w.org\/{rel}","templated":true}]}}