{"id":54459,"date":"2025-09-12T15:35:13","date_gmt":"2025-09-12T12:35:13","guid":{"rendered":"https:\/\/www.egemtv.com\/?p=54459"},"modified":"2025-09-12T15:35:15","modified_gmt":"2025-09-12T12:35:15","slug":"aydinda-deas-operasyonu-5-tutuklama","status":"publish","type":"post","link":"https:\/\/www.egemtv.com\/?p=54459","title":{"rendered":"Ayd\u0131n\u2019da DEA\u015e operasyonu: 5 tutuklama"},"content":{"rendered":"<p>Ayd\u0131n\u2019\u0131n Nazilli, Didim ve \u0130ncirliova il\u00e7elerinde d\u00fczenlenen DEA\u015e operasyonunda g\u00f6zalt\u0131na al\u0131nan 10 \u015f\u00fcpheliden 5\u2019i tutukland\u0131.<br \/>\n<br \/>Ayd\u0131n \u0130l Emniyet M\u00fcd\u00fcrl\u00fc\u011f\u00fc Ter\u00f6rle M\u00fccadele \u015eube M\u00fcd\u00fcrl\u00fc\u011f\u00fc taraf\u0131ndan ger\u00e7ekle\u015ftirilen DEA\u015e operasyonunda g\u00f6zalt\u0131na al\u0131nan 10 \u015f\u00fcpheli, emniyetteki i\u015flemlerinin ard\u0131ndan Ayd\u0131n Adliyesine sevk edildi. Adliyeye sevk edilen \u015f\u00fcphelilerden, O. A (25), H. A. (35), F. A. (20), F. B. (21) ve T. \u0130. (24) tutuklan\u0131rken, A.\u00c7. (33), A.\u00c7 (44), M.D.(29), A.O. (39) ve M. \u00c7 (17) ise adli kontrol \u015fart\u0131yla serbest b\u0131rak\u0131ld\u0131.<br \/><\/p>\n","protected":false},"excerpt":{"rendered":"<p>Ayd\u0131n\u2019\u0131n Nazilli, Didim ve \u0130ncirliova il\u00e7elerinde d\u00fczenlenen DEA\u015e operasyonunda g\u00f6zalt\u0131na al\u0131nan 10 \u015f\u00fcpheliden 5\u2019i tutukland\u0131. Ayd\u0131n \u0130l Emniyet M\u00fcd\u00fcrl\u00fc\u011f\u00fc Ter\u00f6rle M\u00fccadele \u015eube M\u00fcd\u00fcrl\u00fc\u011f\u00fc taraf\u0131ndan ger\u00e7ekle\u015ftirilen DEA\u015e operasyonunda g\u00f6zalt\u0131na al\u0131nan 10 \u015f\u00fcpheli, emniyetteki i\u015flemlerinin ard\u0131ndan Ayd\u0131n Adliyesine sevk edildi. Adliyeye sevk edilen \u015f\u00fcphelilerden, O. A (25), H. A. (35), F. A. (20), F. B. (21) ve&#8230;<\/p>\n","protected":false},"author":1,"featured_media":54460,"comment_status":"open","ping_status":"open","sticky":false,"template":"","format":"standard","meta":{"_crdt_document":"","footnotes":""},"categories":[5],"tags":[],"class_list":["post-54459","post","type-post","status-publish","format-standard","has-post-thumbnail","hentry","category-asayis"],"_links":{"self":[{"href":"https:\/\/www.egemtv.com\/index.php?rest_route=\/wp\/v2\/posts\/54459","targetHints":{"allow":["GET"]}}],"collection":[{"href":"https:\/\/www.egemtv.com\/index.php?rest_route=\/wp\/v2\/posts"}],"about":[{"href":"https:\/\/www.egemtv.com\/index.php?rest_route=\/wp\/v2\/types\/post"}],"author":[{"embeddable":true,"href":"https:\/\/www.egemtv.com\/index.php?rest_route=\/wp\/v2\/users\/1"}],"replies":[{"embeddable":true,"href":"https:\/\/www.egemtv.com\/index.php?rest_route=%2Fwp%2Fv2%2Fcomments&post=54459"}],"version-history":[{"count":1,"href":"https:\/\/www.egemtv.com\/index.php?rest_route=\/wp\/v2\/posts\/54459\/revisions"}],"predecessor-version":[{"id":54461,"href":"https:\/\/www.egemtv.com\/index.php?rest_route=\/wp\/v2\/posts\/54459\/revisions\/54461"}],"wp:featuredmedia":[{"embeddable":true,"href":"https:\/\/www.egemtv.com\/index.php?rest_route=\/wp\/v2\/media\/54460"}],"wp:attachment":[{"href":"https:\/\/www.egemtv.com\/index.php?rest_route=%2Fwp%2Fv2%2Fmedia&parent=54459"}],"wp:term":[{"taxonomy":"category","embeddable":true,"href":"https:\/\/www.egemtv.com\/index.php?rest_route=%2Fwp%2Fv2%2Fcategories&post=54459"},{"taxonomy":"post_tag","embeddable":true,"href":"https:\/\/www.egemtv.com\/index.php?rest_route=%2Fwp%2Fv2%2Ftags&post=54459"}],"curies":[{"name":"wp","href":"https:\/\/api.w.org\/{rel}","templated":true}]}}