{"id":54456,"date":"2025-09-12T15:35:12","date_gmt":"2025-09-12T12:35:12","guid":{"rendered":"https:\/\/www.egemtv.com\/?p=54456"},"modified":"2025-09-12T15:35:13","modified_gmt":"2025-09-12T12:35:13","slug":"muglada-50-bin-ton-atik-ekonomiye-kazandirildi","status":"publish","type":"post","link":"https:\/\/www.egemtv.com\/?p=54456","title":{"rendered":"Mu\u011fla\u2019da 50 Bin ton At\u0131k ekonomiye kazand\u0131r\u0131ld\u0131"},"content":{"rendered":"<p>Mu\u011fla B\u00fcy\u00fck\u015fehir Belediyesi, \u00e7evreyi korumak ve \u00fclke ekonomisine katk\u0131 sa\u011flamak amac\u0131yla y\u00fcr\u00fctt\u00fc\u011f\u00fc geri d\u00f6n\u00fc\u015f\u00fcm \u00e7al\u0131\u015fmalar\u0131yla bug\u00fcne kadar evsel nitelikli at\u0131klardan 50 bin 434 ton geri d\u00f6n\u00fc\u015ft\u00fcr\u00fclebilir maddeyi hammadde olarak yeniden ekonomiye kazand\u0131rd\u0131.<br \/>\n<br \/>B\u00fcy\u00fck\u015fehir Belediyesi\u2019nin Fethiye, Marmaris, Mente\u015fe ve Milas Kat\u0131 At\u0131k D\u00fczenli Depolama Tesisleri b\u00fcnyesinde faaliyet g\u00f6steren mekanik \u00f6n i\u015flem tesislerinde evsel nitelikli at\u0131klar i\u00e7erisindeki geri d\u00f6n\u00fc\u015ft\u00fcr\u00fclebilir materyaller ayr\u0131\u015ft\u0131r\u0131l\u0131yor. B\u00f6ylece at\u0131klar \u00e7evreye zarar vermeden yeniden hammaddeye d\u00f6n\u00fc\u015ft\u00fcr\u00fcl\u00fcyor.<br \/>\n<br \/>Yap\u0131lan \u00e7al\u0131\u015fmalar kapsam\u0131nda bug\u00fcne kadar; Mente\u015fe\u2019de 13 bin 863 ton, Marmaris\u2019te 12 bin 858 ton, Fethiye\u2019de 15 bin 27 ton, Milas\u2019ta 8 bin 686 ton geri d\u00f6n\u00fc\u015ft\u00fcr\u00fclebilir at\u0131k ayr\u0131\u015ft\u0131r\u0131larak ekonomiye kazand\u0131r\u0131ld\u0131.<br \/>\n<br \/>Mu\u011fla B\u00fcy\u00fck\u015fehir Belediyesi\u2019nin geri d\u00f6n\u00fc\u015f\u00fcm yat\u0131r\u0131mlar\u0131 sayesinde hem do\u011fal kaynaklar\u0131n korunmas\u0131na katk\u0131 sa\u011flan\u0131yor hem de ekonomiye \u00f6nemli bir katma de\u011fer \u00fcretiliyor.<br \/>\n<br \/>Mu\u011fla\u2019da hafriyat at\u0131klar\u0131 ekonomiye kazand\u0131r\u0131l\u0131yor<br \/>\n<br \/>Evsel at\u0131klar\u0131n geri d\u00f6n\u00fc\u015f\u00fcm\u00fcyle \u00e7evre ve ekonomiye katk\u0131 sa\u011flayan B\u00fcy\u00fck\u015fehir Belediyesi, ayn\u0131 anlay\u0131\u015f\u0131 hafriyat at\u0131klar\u0131 i\u00e7in de uyguluyor. Mu\u011fla B\u00fcy\u00fck\u015fehir Belediyesi\u2019nin Mente\u015fe, Bodrum ve Marmaris\u2019te kurdu\u011fu mobil geri kazan\u0131m tesisleri sayesinde bug\u00fcne kadar 12 milyon 420 bin ton hafriyat at\u0131\u011f\u0131 do\u011faya zarar vermeden i\u015flendi. Bu s\u00fcre\u00e7te 524 bin 600 ton geri kazan\u0131labilir malzeme elde edilirken, belediye b\u00fct\u00e7esine 92 milyon TL tasarruf sa\u011fland\u0131.<br \/>\n<br \/>\u0130n\u015faatlardan \u00e7\u0131kan hafriyat at\u0131klar\u0131 mobil tesislerde ayr\u0131\u015ft\u0131r\u0131larak bah\u00e7e topra\u011f\u0131, yol alt\u0131 dolgu, g\u00f6mlekleme ve drenaj malzemesi gibi altyap\u0131 \u00e7al\u0131\u015fmalar\u0131nda yeniden kullan\u0131ma kazand\u0131r\u0131l\u0131yor. B\u00f6ylece hem \u00e7evre korunuyor hem de kamu kaynaklar\u0131 verimli de\u011ferlendiriliyor.<br \/>\n<br \/>Ba\u015fkan Aras: &#8220;Mu\u011fla, s\u00fcrd\u00fcr\u00fclebilir \u00e7evre politikalar\u0131nda \u00f6rnek \u015fehir olacak&#8221;<br \/>\n<br \/>K\u0131y\u0131 Ege Belediyeler Birli\u011fi ve Mu\u011fla B\u00fcy\u00fck\u015fehir Belediye Ba\u015fkan\u0131 Ahmet Aras, geri d\u00f6n\u00fc\u015f\u00fcm \u00e7al\u0131\u015fmalar\u0131n\u0131n yaln\u0131zca \u00e7evresel de\u011fil ayn\u0131 zamanda ekonomik bir kazan\u0131m oldu\u011funa dikkat \u00e7ekerek \u015fu ifadeleri kulland\u0131:<br \/>\n<br \/>&#8220;Mu\u011fla\u2019da att\u0131\u011f\u0131m\u0131z her ad\u0131mda do\u011fay\u0131 ve gelece\u011fi \u00f6ncelik tan\u0131yoruz. Geri d\u00f6n\u00fc\u015f\u00fcm tesislerimiz sayesinde hem kaynaklar\u0131m\u0131z\u0131 israf etmiyor hem de ekonomiye ciddi bir katk\u0131 sa\u011fl\u0131yoruz. Hedefimiz, Mu\u011fla\u2019y\u0131 s\u00fcrd\u00fcr\u00fclebilir \u00e7evre politikalar\u0131nda T\u00fcrkiye\u2019nin \u00f6nc\u00fc \u015fehirlerinden biri haline getirmek. \u00c7ocuklar\u0131m\u0131za temiz bir do\u011fa, sa\u011fl\u0131kl\u0131 bir \u00e7evre b\u0131rakmak i\u00e7in \u00e7al\u0131\u015fmalar\u0131m\u0131za kararl\u0131l\u0131kla devam edece\u011fiz&#8221;<br \/><\/p>\n","protected":false},"excerpt":{"rendered":"<p>Mu\u011fla B\u00fcy\u00fck\u015fehir Belediyesi, \u00e7evreyi korumak ve \u00fclke ekonomisine katk\u0131 sa\u011flamak amac\u0131yla y\u00fcr\u00fctt\u00fc\u011f\u00fc geri d\u00f6n\u00fc\u015f\u00fcm \u00e7al\u0131\u015fmalar\u0131yla bug\u00fcne kadar evsel nitelikli at\u0131klardan 50 bin 434 ton geri d\u00f6n\u00fc\u015ft\u00fcr\u00fclebilir maddeyi hammadde olarak yeniden ekonomiye kazand\u0131rd\u0131. B\u00fcy\u00fck\u015fehir Belediyesi\u2019nin Fethiye, Marmaris, Mente\u015fe ve Milas Kat\u0131 At\u0131k D\u00fczenli Depolama Tesisleri b\u00fcnyesinde faaliyet g\u00f6steren mekanik \u00f6n i\u015flem tesislerinde evsel nitelikli at\u0131klar i\u00e7erisindeki&#8230;<\/p>\n","protected":false},"author":1,"featured_media":54457,"comment_status":"open","ping_status":"open","sticky":false,"template":"","format":"standard","meta":{"_crdt_document":"","footnotes":""},"categories":[1],"tags":[],"class_list":["post-54456","post","type-post","status-publish","format-standard","has-post-thumbnail","hentry","category-guncel"],"_links":{"self":[{"href":"https:\/\/www.egemtv.com\/index.php?rest_route=\/wp\/v2\/posts\/54456","targetHints":{"allow":["GET"]}}],"collection":[{"href":"https:\/\/www.egemtv.com\/index.php?rest_route=\/wp\/v2\/posts"}],"about":[{"href":"https:\/\/www.egemtv.com\/index.php?rest_route=\/wp\/v2\/types\/post"}],"author":[{"embeddable":true,"href":"https:\/\/www.egemtv.com\/index.php?rest_route=\/wp\/v2\/users\/1"}],"replies":[{"embeddable":true,"href":"https:\/\/www.egemtv.com\/index.php?rest_route=%2Fwp%2Fv2%2Fcomments&post=54456"}],"version-history":[{"count":1,"href":"https:\/\/www.egemtv.com\/index.php?rest_route=\/wp\/v2\/posts\/54456\/revisions"}],"predecessor-version":[{"id":54458,"href":"https:\/\/www.egemtv.com\/index.php?rest_route=\/wp\/v2\/posts\/54456\/revisions\/54458"}],"wp:featuredmedia":[{"embeddable":true,"href":"https:\/\/www.egemtv.com\/index.php?rest_route=\/wp\/v2\/media\/54457"}],"wp:attachment":[{"href":"https:\/\/www.egemtv.com\/index.php?rest_route=%2Fwp%2Fv2%2Fmedia&parent=54456"}],"wp:term":[{"taxonomy":"category","embeddable":true,"href":"https:\/\/www.egemtv.com\/index.php?rest_route=%2Fwp%2Fv2%2Fcategories&post=54456"},{"taxonomy":"post_tag","embeddable":true,"href":"https:\/\/www.egemtv.com\/index.php?rest_route=%2Fwp%2Fv2%2Ftags&post=54456"}],"curies":[{"name":"wp","href":"https:\/\/api.w.org\/{rel}","templated":true}]}}