{"id":54453,"date":"2025-09-12T15:35:11","date_gmt":"2025-09-12T12:35:11","guid":{"rendered":"https:\/\/www.egemtv.com\/?p=54453"},"modified":"2025-09-12T15:35:12","modified_gmt":"2025-09-12T12:35:12","slug":"izmirde-2-polisi-sehit-eden-saldirgan-adliyede","status":"publish","type":"post","link":"https:\/\/www.egemtv.com\/?p=54453","title":{"rendered":"\u0130zmir\u2019de 2 polisi \u015fehit eden sald\u0131rgan adliyede"},"content":{"rendered":"<p>\u0130zmir\u2019in Bal\u00e7ova il\u00e7esinde 2 polisin \u015fehit oldu\u011fu, 2\u2019si polis 3 ki\u015finin yaraland\u0131\u011f\u0131 Bal\u00e7ova Polis Merkezi\u2019ne sald\u0131r\u0131 d\u00fczenleyen 16 ya\u015f\u0131ndaki \u015fah\u0131s, hastaneden taburcu edilerek adliyeye sevk edildi.<br \/>\n<br \/>8 Eyl\u00fcl Pazartesi g\u00fcn\u00fc sabah saat 08.30 s\u0131ralar\u0131nda ger\u00e7ekle\u015fen olayda, Bal\u00e7ova il\u00e7esi \u00c7etin Eme\u00e7 Mahallesi Fethi Bey Sokak\u2019ta bulunan Salih \u0130\u015fg\u00f6ren Polis Merkezi\u2019ne 16 ya\u015f\u0131ndaki E.B. taraf\u0131ndan pompal\u0131 t\u00fcfekle ate\u015f a\u00e7\u0131ld\u0131. N\u00f6bet kul\u00fcbesi yak\u0131n\u0131nda bulunan polis memuru Hasan Ak\u0131n, Murat Da\u011fl\u0131 ve \u00d6mer Amila\u011f\u2019\u0131n v\u00fccuduna sa\u00e7malar isabet ederken, sald\u0131rgan ka\u00e7maya ba\u015flad\u0131. Silah sesini duyan ve polis merkezinin \u00fcst\u00fcnde bulunan lojmanda kald\u0131\u011f\u0131 \u00f6\u011frenilen 1. S\u0131n\u0131f Emniyet M\u00fcd\u00fcr\u00fc ve Polis Ba\u015fm\u00fcfetti\u015fi Muhsin Aydemir, silah\u0131n\u0131 alarak a\u015fa\u011f\u0131 indi. K\u0131sa s\u00fcrede ayn\u0131 sokakta polis ekiplerince k\u0131st\u0131r\u0131lan sald\u0131rganla polis aras\u0131nda \u00e7\u0131kan \u00e7at\u0131\u015fmada, Muhsin Aydemir ve sivil bir vatanda\u015f yaraland\u0131. Sald\u0131rgan da polis ekiplerince bacaklar\u0131ndan vurularak etkisiz hale getirildi ve g\u00f6zalt\u0131na al\u0131nd\u0131.<br \/>\n<br \/>Olay yerine \u00e7ok say\u0131da polis ve sa\u011fl\u0131k ekibi y\u00f6nlendirilirken, sa\u011fl\u0131k ekipleri taraf\u0131ndan yap\u0131lan kontrolde Polis Ba\u015fm\u00fcfetti\u015fi Muhsin Aydemir ve Polis Memuru Hasan Ak\u0131n\u2019\u0131n \u015fehit oldu\u011fu belirlendi. Sald\u0131r\u0131da yaralanan Polis Memuru \u00d6mer Amila\u011f, Murat Da\u011fl\u0131 ile sokaktaki bir vatanda\u015f, sa\u011fl\u0131k ekiplerince ambulansla hastaneye kald\u0131r\u0131ld\u0131. Yaral\u0131lar\u0131n hastanedeki tedavisinin s\u00fcrd\u00fc\u011f\u00fc \u00f6\u011frenildi.<\/p>\n<p>Sald\u0131rgan E.B. adliyede<br \/>\n<br \/>Bal\u00e7ova Salih \u0130\u015fg\u00f6ren Polis Merkezi\u2019ne silahl\u0131 sald\u0131r\u0131 d\u00fczenleyen E.B., polis ekipleri taraf\u0131ndan ayaklar\u0131ndan vurularak etkisiz hale getirilmi\u015fti. Yaral\u0131 sald\u0131rgan E.B., \u00f6nce Alsancak Nevvar Salih \u0130\u015fg\u00f6ren Devlet Hastanesi\u2019ne getirilerek ameliyat edildi. Daha sonra ayn\u0131 g\u00fcn i\u00e7erisinde ambulansla \u0130zmir \u015eehir Hastanesi\u2019ne nakledildi. E.B., hastanedeki tedavisinin ard\u0131ndan bug\u00fcn taburcu edilerek ifadesi al\u0131nmak \u00fczere adliyeye sevk edildi.<br \/>\n<br \/>Olayla ilgili \u0130zmir Cumhuriyet Ba\u015fsavc\u0131l\u0131\u011f\u0131 taraf\u0131ndan soru\u015fturma ba\u015flat\u0131l\u0131rken, 2 Cumhuriyet Ba\u015fsavc\u0131 vekili ve 2 Cumhuriyet savc\u0131s\u0131 g\u00f6revlendirildi. Sald\u0131rgan\u0131n annesi, babas\u0131, 2 arkada\u015f\u0131yla birlikte irtibatl\u0131 ve iltisakl\u0131 oldu\u011fu de\u011ferlendirilen 27 \u015f\u00fcpheli, Ter\u00f6rle M\u00fccadele (TEM) \u015eube M\u00fcd\u00fcrl\u00fc\u011f\u00fc ekipleri taraf\u0131ndan g\u00f6zalt\u0131na al\u0131nd\u0131. Emniyetteki i\u015flemleri tamamlanan 16 \u015f\u00fcpheli, 10 Eyl\u00fcl \u00c7ar\u015famba g\u00fcn\u00fc adliyeye sevk edilmi\u015fti. 16 \u015f\u00fcphelinin tamam\u0131n\u0131n sald\u0131rgan\u0131n akran yak\u0131nlar\u0131 oldu\u011fu, yap\u0131lan sorguda ise sald\u0131r\u0131yla ilgili E.B. taraf\u0131ndan kendilerine bilgi verilip verilmedi\u011finin soruldu\u011fu \u00f6\u011frenildi. \u015e\u00fcphelilerin tamam\u0131n\u0131n savc\u0131l\u0131k sorgusu sonras\u0131 serbest kald\u0131\u011f\u0131 \u00f6\u011frenildi. Sald\u0131r\u0131n\u0131n ard\u0131ndan yaral\u0131 olarak g\u00f6zalt\u0131na al\u0131nan E.B.\u2019nin hastanedeki tedavisi devam ederken, olaya ili\u015fkin \u0130zmir\u2019in yan\u0131 s\u0131ra \u0130stanbul, Ankara, \u015eanl\u0131urfa ve Kocaeli\u2019de g\u00f6zalt\u0131na al\u0131nan \u015f\u00fcphelilerden 1\u2019inin \u0130ran, 4\u2019\u00fcn\u00fcn Suriye uyruklu oldu\u011fu, aralar\u0131nda sald\u0131rgan\u0131n babas\u0131 N.B., annesi A.B.\u2019nin de bulundu\u011fu 10 \u015f\u00fcpheli emniyetteki i\u015flemleri ard\u0131ndan bug\u00fcn adliyeye sevk edildi.<\/p>\n<p>\u0130zledi\u011fi videolardan cesaret alm\u0131\u015f<br \/>\n<br \/>\u0130zmir\u2019de sald\u0131r\u0131y\u0131 ger\u00e7ekle\u015ftiren E.B. adl\u0131 \u015f\u00fcphelinin cep telefonu ve bilgisayar\u0131nda yap\u0131lan incelemede, sosyal medyada \u00e7e\u015fitli ter\u00f6r \u00f6rg\u00fctleriyle ba\u011flant\u0131l\u0131 hesaplar\u0131 takip etti\u011fi ve ideoloji ile sald\u0131r\u0131 videolar\u0131 izledi\u011fi, ayr\u0131ca silahl\u0131 ter\u00f6r \u00f6rg\u00fct\u00fc DEA\u015e\u2019\u0131n ideolojisini benimsedi\u011fi tespit edildi. \u0130ncelemeler sonucu, E.B.\u2019nin izledi\u011fi videolardan hareketle sald\u0131r\u0131y\u0131 planlad\u0131\u011f\u0131 ve internetteki el yap\u0131m\u0131 patlay\u0131c\u0131 haz\u0131rlama videolar\u0131n\u0131 izleyerek i\u00e7inde \u2019torpil\u2019 bulunan patlay\u0131c\u0131lar yapt\u0131\u011f\u0131, yakalanmadan k\u0131sa s\u00fcre \u00f6nce bu patlay\u0131c\u0131lar\u0131 kulland\u0131\u011f\u0131 belirlendi. E.B.\u2019nin sosyal medya hesab\u0131ndan sald\u0131r\u0131y\u0131 ger\u00e7ekle\u015ftirece\u011fine dair payla\u015f\u0131mda bulundu\u011fu da tespit edilirken, \u015fu ana kadar sald\u0131r\u0131n\u0131n bir ter\u00f6r \u00f6rg\u00fct\u00fcnden al\u0131nan talimatla ger\u00e7ekle\u015ftirildi\u011fine ili\u015fkin bulguya rastlanmad\u0131.<\/p>\n<p>Sald\u0131r\u0131 g\u00fcn\u00fcn\u00fc \u00f6zel se\u00e7mi\u015f, \u201916 ya\u015f\u0131m\u0131 g\u00f6remeyece\u011fim\u2019 demi\u015f<br \/>\n<br \/>16 ya\u015f\u0131ndaki sald\u0131rgan\u0131n, akran zorbal\u0131\u011f\u0131na u\u011frad\u0131\u011f\u0131 i\u00e7in okullar\u0131n a\u00e7\u0131ld\u0131\u011f\u0131 g\u00fcn\u00fc \u00f6zellikle sald\u0131r\u0131 i\u00e7in se\u00e7ti\u011fi, ve arkada\u015flar\u0131na &#8220;Ben 16 ya\u015f\u0131m\u0131 g\u00f6remeyece\u011fim&#8221; dedi\u011fi \u00f6\u011frenildi. Ayr\u0131ca E.B.\u2019nin sald\u0131r\u0131 \u00f6ncesi gece kul\u00fcpleri ve kalabal\u0131k b\u00f6lgelerde ke\u015fifler yapt\u0131\u011f\u0131, son olarak da soka\u011f\u0131nda bulunan polis merkezini hedef se\u00e7ti\u011fini s\u00f6yledi\u011fi ifadeleri aras\u0131nda yer ald\u0131. E.B.\u2019nin ter\u00f6r \u00f6rg\u00fct\u00fc DEA\u015e\u2019\u0131n videolar\u0131n\u0131 izleyerek sempati duydu\u011fu, herhangi fiziksel bir ba\u011flant\u0131s\u0131n\u0131n olmad\u0131\u011f\u0131 \u00f6\u011frenildi.<br \/>\n<br \/>\u015e\u00fcphelinin babas\u0131 N.B.\u2019nin uzun y\u0131llard\u0131r av merak\u0131 bulundu\u011fu, ruhsatl\u0131 iki t\u00fcfe\u011finin oldu\u011fu ve o\u011flunu k\u00fc\u00e7\u00fck ya\u015flardan beri ava g\u00f6t\u00fcrerek silah kullanmay\u0131 ona \u00f6\u011fretti\u011fi tespit edildi. Lise \u00f6\u011frencisi olan E.B.\u2019nin yakla\u015f\u0131k bir y\u0131ld\u0131r i\u00e7ine kapanarak sapk\u0131n d\u00fc\u015f\u00fcncelere y\u00f6neldi\u011fi, ailesi ve \u00e7evresinin bu durumu fark etti\u011fi ancak yetkili makamlara ba\u015fvuru yap\u0131lmad\u0131\u011f\u0131 kaydedildi.<br \/>\n<br \/>\u00d6te yandan sald\u0131rgan E.B.\u2019nin 2 ya\u015f\u0131ndaki k\u0131z karde\u015fi ise devlet taraf\u0131ndan koruma alt\u0131na al\u0131nd\u0131.<br \/><\/p>\n","protected":false},"excerpt":{"rendered":"<p>\u0130zmir\u2019in Bal\u00e7ova il\u00e7esinde 2 polisin \u015fehit oldu\u011fu, 2\u2019si polis 3 ki\u015finin yaraland\u0131\u011f\u0131 Bal\u00e7ova Polis Merkezi\u2019ne sald\u0131r\u0131 d\u00fczenleyen 16 ya\u015f\u0131ndaki \u015fah\u0131s, hastaneden taburcu edilerek adliyeye sevk edildi. 8 Eyl\u00fcl Pazartesi g\u00fcn\u00fc sabah saat 08.30 s\u0131ralar\u0131nda ger\u00e7ekle\u015fen olayda, Bal\u00e7ova il\u00e7esi \u00c7etin Eme\u00e7 Mahallesi Fethi Bey Sokak\u2019ta bulunan Salih \u0130\u015fg\u00f6ren Polis Merkezi\u2019ne 16 ya\u015f\u0131ndaki E.B. taraf\u0131ndan pompal\u0131 t\u00fcfekle&#8230;<\/p>\n","protected":false},"author":1,"featured_media":54454,"comment_status":"open","ping_status":"open","sticky":false,"template":"","format":"standard","meta":{"_crdt_document":"","footnotes":""},"categories":[5],"tags":[],"class_list":["post-54453","post","type-post","status-publish","format-standard","has-post-thumbnail","hentry","category-asayis"],"_links":{"self":[{"href":"https:\/\/www.egemtv.com\/index.php?rest_route=\/wp\/v2\/posts\/54453","targetHints":{"allow":["GET"]}}],"collection":[{"href":"https:\/\/www.egemtv.com\/index.php?rest_route=\/wp\/v2\/posts"}],"about":[{"href":"https:\/\/www.egemtv.com\/index.php?rest_route=\/wp\/v2\/types\/post"}],"author":[{"embeddable":true,"href":"https:\/\/www.egemtv.com\/index.php?rest_route=\/wp\/v2\/users\/1"}],"replies":[{"embeddable":true,"href":"https:\/\/www.egemtv.com\/index.php?rest_route=%2Fwp%2Fv2%2Fcomments&post=54453"}],"version-history":[{"count":1,"href":"https:\/\/www.egemtv.com\/index.php?rest_route=\/wp\/v2\/posts\/54453\/revisions"}],"predecessor-version":[{"id":54455,"href":"https:\/\/www.egemtv.com\/index.php?rest_route=\/wp\/v2\/posts\/54453\/revisions\/54455"}],"wp:featuredmedia":[{"embeddable":true,"href":"https:\/\/www.egemtv.com\/index.php?rest_route=\/wp\/v2\/media\/54454"}],"wp:attachment":[{"href":"https:\/\/www.egemtv.com\/index.php?rest_route=%2Fwp%2Fv2%2Fmedia&parent=54453"}],"wp:term":[{"taxonomy":"category","embeddable":true,"href":"https:\/\/www.egemtv.com\/index.php?rest_route=%2Fwp%2Fv2%2Fcategories&post=54453"},{"taxonomy":"post_tag","embeddable":true,"href":"https:\/\/www.egemtv.com\/index.php?rest_route=%2Fwp%2Fv2%2Ftags&post=54453"}],"curies":[{"name":"wp","href":"https:\/\/api.w.org\/{rel}","templated":true}]}}