{"id":54447,"date":"2025-09-12T14:35:34","date_gmt":"2025-09-12T11:35:34","guid":{"rendered":"https:\/\/www.egemtv.com\/?p=54447"},"modified":"2025-09-12T14:35:35","modified_gmt":"2025-09-12T11:35:35","slug":"muglada-okul-servis-ucretlerine-zam-geldi","status":"publish","type":"post","link":"https:\/\/www.egemtv.com\/?p=54447","title":{"rendered":"Mu\u011fla\u2019da okul servis \u00fccretlerine zam geldi"},"content":{"rendered":"<p>Mu\u011fla\u2019da 2025-2026 e\u011fitim-\u00f6\u011fretim y\u0131l\u0131 itibar\u0131yla ge\u00e7erli olacak okul servis \u00fccretleri zamland\u0131.<\/p>\n<p>Mu\u011fla B\u00fcy\u00fck\u015fehir Belediye Meclisi\u2019nin Eyl\u00fcl Ay\u0131 Meclis Toplant\u0131s\u0131\u2019nda okul servis \u00fccret tarifeleri yeniden belirlendi. Mu\u011fla ili \u015eof\u00f6rler Odas\u0131 Ba\u015fkanl\u0131klar\u0131n\u0131n ba\u015fvurusu \u00fczerine servis \u00fccretleri ve toplu ta\u015f\u0131malar\u0131n zam talebi g\u00f6r\u00fc\u015f\u00fcld\u00fc. Toplu ta\u015f\u0131ma ara\u00e7lar\u0131na y\u00f6nelik \u00fccret art\u0131\u015f\u0131 talebi reddedilir iken servis \u00fccretleri zam talebi oy birli\u011fi ile kabul edildi.<\/p>\n<p>Yeni d\u00fczenlemeye g\u00f6re okul servislerinin ayl\u0131k tavan \u00fccretleri \u015f\u00f6yle oldu; 0-3 km 2 bin 180 TL, 3-5 km 2 bin 375 TL, 5-7 km 2 bin 625 TL, 7-9 km 2 bin 810 TL, 9-11 km 2 bin 930 TL, 11-13 km 3 bin 060 TL, 13-15 km 3 bin 310 TL. 15 kilometreyi a\u015fan her kilometre i\u00e7in ayl\u0131k 35 TL ek \u00fccret al\u0131nacak. Ayr\u0131ca rehber personel i\u00e7in \u00f6\u011frenci ba\u015f\u0131na ayl\u0131k en fazla 500 TL talep edilebilecek.<\/p>\n<p>Mu\u011fla\u2019da yeni \u00fccret tarifesi, 2025-2026 e\u011fitim-\u00f6\u011fretim y\u0131l\u0131 itibar\u0131yla uygulanacak.<br \/><\/p>\n","protected":false},"excerpt":{"rendered":"<p>Mu\u011fla\u2019da 2025-2026 e\u011fitim-\u00f6\u011fretim y\u0131l\u0131 itibar\u0131yla ge\u00e7erli olacak okul servis \u00fccretleri zamland\u0131. Mu\u011fla B\u00fcy\u00fck\u015fehir Belediye Meclisi\u2019nin Eyl\u00fcl Ay\u0131 Meclis Toplant\u0131s\u0131\u2019nda okul servis \u00fccret tarifeleri yeniden belirlendi. Mu\u011fla ili \u015eof\u00f6rler Odas\u0131 Ba\u015fkanl\u0131klar\u0131n\u0131n ba\u015fvurusu \u00fczerine servis \u00fccretleri ve toplu ta\u015f\u0131malar\u0131n zam talebi g\u00f6r\u00fc\u015f\u00fcld\u00fc. Toplu ta\u015f\u0131ma ara\u00e7lar\u0131na y\u00f6nelik \u00fccret art\u0131\u015f\u0131 talebi reddedilir iken servis \u00fccretleri zam talebi oy birli\u011fi&#8230;<\/p>\n","protected":false},"author":1,"featured_media":54448,"comment_status":"open","ping_status":"open","sticky":false,"template":"","format":"standard","meta":{"_crdt_document":"","footnotes":""},"categories":[1],"tags":[],"class_list":["post-54447","post","type-post","status-publish","format-standard","has-post-thumbnail","hentry","category-guncel"],"_links":{"self":[{"href":"https:\/\/www.egemtv.com\/index.php?rest_route=\/wp\/v2\/posts\/54447","targetHints":{"allow":["GET"]}}],"collection":[{"href":"https:\/\/www.egemtv.com\/index.php?rest_route=\/wp\/v2\/posts"}],"about":[{"href":"https:\/\/www.egemtv.com\/index.php?rest_route=\/wp\/v2\/types\/post"}],"author":[{"embeddable":true,"href":"https:\/\/www.egemtv.com\/index.php?rest_route=\/wp\/v2\/users\/1"}],"replies":[{"embeddable":true,"href":"https:\/\/www.egemtv.com\/index.php?rest_route=%2Fwp%2Fv2%2Fcomments&post=54447"}],"version-history":[{"count":1,"href":"https:\/\/www.egemtv.com\/index.php?rest_route=\/wp\/v2\/posts\/54447\/revisions"}],"predecessor-version":[{"id":54449,"href":"https:\/\/www.egemtv.com\/index.php?rest_route=\/wp\/v2\/posts\/54447\/revisions\/54449"}],"wp:featuredmedia":[{"embeddable":true,"href":"https:\/\/www.egemtv.com\/index.php?rest_route=\/wp\/v2\/media\/54448"}],"wp:attachment":[{"href":"https:\/\/www.egemtv.com\/index.php?rest_route=%2Fwp%2Fv2%2Fmedia&parent=54447"}],"wp:term":[{"taxonomy":"category","embeddable":true,"href":"https:\/\/www.egemtv.com\/index.php?rest_route=%2Fwp%2Fv2%2Fcategories&post=54447"},{"taxonomy":"post_tag","embeddable":true,"href":"https:\/\/www.egemtv.com\/index.php?rest_route=%2Fwp%2Fv2%2Ftags&post=54447"}],"curies":[{"name":"wp","href":"https:\/\/api.w.org\/{rel}","templated":true}]}}