{"id":54444,"date":"2025-09-12T14:35:34","date_gmt":"2025-09-12T11:35:34","guid":{"rendered":"https:\/\/www.egemtv.com\/?p=54444"},"modified":"2025-09-12T14:35:34","modified_gmt":"2025-09-12T11:35:34","slug":"usak-universitesi-esme-myonun-yeni-binasi-yapilmaya-baslandi","status":"publish","type":"post","link":"https:\/\/www.egemtv.com\/?p=54444","title":{"rendered":"U\u015fak \u00dcniversitesi E\u015fme MYO\u2019nun yeni binas\u0131 yap\u0131lmaya ba\u015fland\u0131"},"content":{"rendered":"<p>U\u015fak \u00dcniversitesi E\u015fme Meslek Y\u00fcksekokulu\u2019nun depreme dayan\u0131ks\u0131z oldu\u011fu gerek\u00e7esiyle y\u0131k\u0131lan binas\u0131n\u0131n yerine yap\u0131lacak yeni ve modern e\u011fitim binas\u0131n\u0131n in\u015faat \u00e7al\u0131\u015fmalar\u0131 ba\u015flad\u0131.<\/p>\n<p>U\u015fak \u00dcniversitesi b\u00fcnyesinde bulunan binalar\u0131n teknik donan\u0131m\u0131n\u0131 ve sa\u011flaml\u0131\u011f\u0131n\u0131 \u00f6nemsediklerini belirten Rekt\u00f6r Sava\u015f, &#8220;Bu binam\u0131z\u0131n deprem analizini 2023 depreminden \u00f6nce yapt\u0131k ve dayan\u0131ks\u0131z oldu\u011funu \u00f6\u011frendik. G\u00fc\u00e7lendirme ve yenileme maaliyetleri kar\u015f\u0131la\u015ft\u0131r\u0131ld\u0131\u011f\u0131nda yenilenmesinin daha do\u011fru olaca\u011f\u0131na karar verdik. Binan\u0131n y\u0131k\u0131m\u0131 ve yeniden yap\u0131lmas\u0131 i\u00e7in gerekli yasal i\u015flemler tamamland\u0131. Yeni ve modern binam\u0131z\u0131 en k\u0131sa s\u00fcrede bitirerek \u00f6\u011frencilerimizin hizmetine sunmak istiyoruz&#8221; dedi.<\/p>\n<p>E\u015fme Meslek Y\u00fcksekokulunun \u00e7ok g\u00fczel bir binaya kavu\u015faca\u011f\u0131n\u0131 ifade eden Rekt\u00f6r Prof. Dr. Sava\u015f \u015funlar\u0131 vurgulad\u0131:<br \/>\n<br \/>&#8220;\u00c7a\u011f\u0131m\u0131z\u0131n e\u011fitim ihtiya\u00e7lar\u0131na g\u00f6re tasarlanan binam\u0131z \u00fcniversitemizin yenilenen ve geli\u015fen y\u00fcz\u00fcn\u00fc temsil edecek. Sa\u011flam yap\u0131s\u0131, e\u011fitim i\u00e7in gerekli s\u0131n\u0131f ve laboratuvarlar\u0131yla \u00f6\u011frencilerimizin vizyonunu geli\u015ftirecek. Binam\u0131z 5 bin metrekare kapal\u0131 alana sahip olacak. 2027 y\u0131l\u0131nda tamamlanmas\u0131 planlanan binam\u0131z\u0131n i\u00e7erisinde 182 ki\u015filik konferans salonu, 17 s\u0131n\u0131f, bilgisayar laboratuvarlar\u0131, k\u00fct\u00fcphane, yemekhane, kantin, at\u00f6lye ve laboratuvarlar yer alacak.&#8221;<\/p>\n<p>E\u015fme MYO b\u00fcnyesinde Bankac\u0131l\u0131k ve Sigortac\u0131l\u0131k, B\u00fcro Y\u00f6netimi ve Y\u00f6netici Asistanl\u0131\u011f\u0131, Eczane Hizmetleri, G\u0131da Teknolojisi, Hal\u0131c\u0131l\u0131k ve Kilimcilik, Laborant ve Veteriner Sa\u011fl\u0131k ile Lojistik programlar\u0131nda toplam 761 \u00f6\u011frenci e\u011fitim-\u00f6\u011fretimine devam etmektedir.<br \/><\/p>\n","protected":false},"excerpt":{"rendered":"<p>U\u015fak \u00dcniversitesi E\u015fme Meslek Y\u00fcksekokulu\u2019nun depreme dayan\u0131ks\u0131z oldu\u011fu gerek\u00e7esiyle y\u0131k\u0131lan binas\u0131n\u0131n yerine yap\u0131lacak yeni ve modern e\u011fitim binas\u0131n\u0131n in\u015faat \u00e7al\u0131\u015fmalar\u0131 ba\u015flad\u0131. U\u015fak \u00dcniversitesi b\u00fcnyesinde bulunan binalar\u0131n teknik donan\u0131m\u0131n\u0131 ve sa\u011flaml\u0131\u011f\u0131n\u0131 \u00f6nemsediklerini belirten Rekt\u00f6r Sava\u015f, &#8220;Bu binam\u0131z\u0131n deprem analizini 2023 depreminden \u00f6nce yapt\u0131k ve dayan\u0131ks\u0131z oldu\u011funu \u00f6\u011frendik. G\u00fc\u00e7lendirme ve yenileme maaliyetleri kar\u015f\u0131la\u015ft\u0131r\u0131ld\u0131\u011f\u0131nda yenilenmesinin daha do\u011fru olaca\u011f\u0131na&#8230;<\/p>\n","protected":false},"author":1,"featured_media":54445,"comment_status":"open","ping_status":"open","sticky":false,"template":"","format":"standard","meta":{"_crdt_document":"","footnotes":""},"categories":[1],"tags":[],"class_list":["post-54444","post","type-post","status-publish","format-standard","has-post-thumbnail","hentry","category-guncel"],"_links":{"self":[{"href":"https:\/\/www.egemtv.com\/index.php?rest_route=\/wp\/v2\/posts\/54444","targetHints":{"allow":["GET"]}}],"collection":[{"href":"https:\/\/www.egemtv.com\/index.php?rest_route=\/wp\/v2\/posts"}],"about":[{"href":"https:\/\/www.egemtv.com\/index.php?rest_route=\/wp\/v2\/types\/post"}],"author":[{"embeddable":true,"href":"https:\/\/www.egemtv.com\/index.php?rest_route=\/wp\/v2\/users\/1"}],"replies":[{"embeddable":true,"href":"https:\/\/www.egemtv.com\/index.php?rest_route=%2Fwp%2Fv2%2Fcomments&post=54444"}],"version-history":[{"count":1,"href":"https:\/\/www.egemtv.com\/index.php?rest_route=\/wp\/v2\/posts\/54444\/revisions"}],"predecessor-version":[{"id":54446,"href":"https:\/\/www.egemtv.com\/index.php?rest_route=\/wp\/v2\/posts\/54444\/revisions\/54446"}],"wp:featuredmedia":[{"embeddable":true,"href":"https:\/\/www.egemtv.com\/index.php?rest_route=\/wp\/v2\/media\/54445"}],"wp:attachment":[{"href":"https:\/\/www.egemtv.com\/index.php?rest_route=%2Fwp%2Fv2%2Fmedia&parent=54444"}],"wp:term":[{"taxonomy":"category","embeddable":true,"href":"https:\/\/www.egemtv.com\/index.php?rest_route=%2Fwp%2Fv2%2Fcategories&post=54444"},{"taxonomy":"post_tag","embeddable":true,"href":"https:\/\/www.egemtv.com\/index.php?rest_route=%2Fwp%2Fv2%2Ftags&post=54444"}],"curies":[{"name":"wp","href":"https:\/\/api.w.org\/{rel}","templated":true}]}}