{"id":54441,"date":"2025-09-12T14:35:33","date_gmt":"2025-09-12T11:35:33","guid":{"rendered":"https:\/\/www.egemtv.com\/?p=54441"},"modified":"2025-09-12T14:35:34","modified_gmt":"2025-09-12T11:35:34","slug":"gazzeliler-icin-yola-cikan-milletvekili-un-biz-kudusu-miras-sayan-bir-milletin-cocuklariyiz","status":"publish","type":"post","link":"https:\/\/www.egemtv.com\/?p=54441","title":{"rendered":"Gazzeliler i\u00e7in yola \u00e7\u0131kan Milletvekili \u00dcn; &#8220;Biz, Kud\u00fcs\u2019\u00fc miras sayan bir milletin \u00e7ocuklar\u0131y\u0131z&#8221;"},"content":{"rendered":"<p>DEN\u0130ZL\u0130 (\u0130HA) \u2013 \u0130srail\u2019in Gazze\u2019ye uygulad\u0131\u011f\u0131 ablukay\u0131 k\u0131rmak ve insani yard\u0131mlar\u0131 ula\u015ft\u0131rmak i\u00e7in K\u00fcresel Sumud Filosuyla birlikte yola \u00e7\u0131kan Denizli Milletvekili Sema Silkin \u00dcn, &#8220;Biz, Kud\u00fcs\u2019\u00fc miras sayan bir milletin \u00e7ocuklar\u0131y\u0131z. \u0130n\u015fallah bu yolculu\u011fun sonu mutluluk ve Gazzelilerin mutlulu\u011fu olacak&#8221; dedi.<\/p>\n<p>\u0130srail ablukas\u0131n\u0131 k\u0131rmak, insani yard\u0131m ula\u015ft\u0131rmak ve Filistin\u2019le dayan\u0131\u015fma amac\u0131yla Gazze\u2019ye do\u011fru do\u011ftu yola \u00e7\u0131kan K\u00fcresel Sumud Filosuna Tunus\u2019tan kat\u0131lan Denizli Milletvekili Sema Silkin \u00dcn, Tunus\u2019taki e\u011fitimlerin tamamlanmas\u0131n\u0131n ard\u0131ndan Sidi Bu Said Liman\u0131\u2019na ge\u00e7ti. Yola koyulaca\u011f\u0131 tekneye yerle\u015fen Milletvekili \u00dcn, d\u00fcnyan\u0131n d\u00f6rt bir yan\u0131ndan gelen g\u00f6n\u00fcllerle birlikte olumsuz hava ko\u015fullar\u0131 nedeniyle yolculu\u011fu ertelenen filonun hareket saatini beklemeye ba\u015flad\u0131.<\/p>\n<p>Gazze\u2019ye hareket etmek i\u00e7in bekledi\u011fi limandan g\u00f6r\u00fcnt\u00fcl\u00fc bir mesaj payla\u015fan Milletvekili \u00dcn, &#8220;Milletimizin kalbi Filistin ile birlikte atmaya devam edecek. Yapaca\u011f\u0131n\u0131z hi\u00e7bir \u015fey bu \u00f6fkenin \u00f6n\u00fcne ge\u00e7meyecek. \u00c7\u00fcnk\u00fc biz, Kud\u00fcs\u2019\u00fc miras sayan bir milletin \u00e7ocuklar\u0131y\u0131z. Biz susarsak tarih susar, biz konu\u015fursak \u00fcmmet aya\u011fa kalkar. \u0130nsanl\u0131k bizden aya\u011fa kalmam\u0131z\u0131 bekliyor.  Tunus\u2019ta 10 g\u00fcn\u00fc geride b\u0131rakt\u0131k ve \u015fuanda Sidi Bu Said Liman\u0131\u2019nda bulunuyoruz. \u0130n\u015fallah haz\u0131rl\u0131klar\u0131n tamamlanmas\u0131n\u0131n ard\u0131ndan K\u00fcresel Sumud Filosu ile birlikte \u0130srail\u2019in insanl\u0131k d\u0131\u015f\u0131 ablukas\u0131n\u0131 k\u0131rmak i\u00e7in Gazze\u2019ye do\u011fru yola \u00e7\u0131kaca\u011f\u0131z. T\u00fcrkiye\u2019nin g\u00fcndemi ne olursa olsun, Gazze\u2019de ya\u015fanan katliamlar\u0131 l\u00fctfen g\u00fcndeminizden d\u00fc\u015f\u00fcrmeyin. Gazzelilerin umut ba\u011flad\u0131\u011f\u0131 bu K\u00fcresel Sumud Filosunu da g\u00fcndeminizden asla d\u00fc\u015f\u00fcrmeyin. Sumud Filosu, her t\u00fcrl\u00fc sald\u0131r\u0131ya ra\u011fmen ad\u0131 gibi kararl\u0131l\u0131kla yoluna devam ediyor ama tek ba\u015f\u0131m\u0131za bu ablukay\u0131 k\u0131rmay\u0131 ba\u015faramay\u0131z. Sizlerin ve T\u00fcrkiye kamuoyunun deste\u011fine ihtiyac\u0131m\u0131z var. Gazze ablukas\u0131n\u0131 k\u0131rmak i\u00e7in yola \u00e7\u0131kan bu filonun d\u00fcnya g\u00fcndeminde tutulmas\u0131 gerekiyor. \u0130n\u015fallah sizlere yola \u00e7\u0131kaca\u011f\u0131m\u0131z gemiden de anl\u0131k bilgilendirmeler yapaca\u011f\u0131m. \u0130n\u015fallah bu yolculu\u011fun sonu mutluluk ve Gazzelilerin mutlulu\u011funa yelken a\u00e7mak olacak. Bize destek veren herkese te\u015fekk\u00fcr ediyorum, haklar\u0131n\u0131z\u0131 helal edin. Bizleri dualar\u0131n\u0131zda unutmay\u0131n. Bu teknelerle yola \u00e7\u0131kanlar\u0131n g\u00fcvendi\u011fi tek \u015fey, sizin Sumud Filosunun \u00e7abas\u0131na sahip \u00e7\u0131kman\u0131zd\u0131r&#8221; \u015feklinde konu\u015ftu.<br \/><\/p>\n","protected":false},"excerpt":{"rendered":"<p>DEN\u0130ZL\u0130 (\u0130HA) \u2013 \u0130srail\u2019in Gazze\u2019ye uygulad\u0131\u011f\u0131 ablukay\u0131 k\u0131rmak ve insani yard\u0131mlar\u0131 ula\u015ft\u0131rmak i\u00e7in K\u00fcresel Sumud Filosuyla birlikte yola \u00e7\u0131kan Denizli Milletvekili Sema Silkin \u00dcn, &#8220;Biz, Kud\u00fcs\u2019\u00fc miras sayan bir milletin \u00e7ocuklar\u0131y\u0131z. \u0130n\u015fallah bu yolculu\u011fun sonu mutluluk ve Gazzelilerin mutlulu\u011fu olacak&#8221; dedi. \u0130srail ablukas\u0131n\u0131 k\u0131rmak, insani yard\u0131m ula\u015ft\u0131rmak ve Filistin\u2019le dayan\u0131\u015fma amac\u0131yla Gazze\u2019ye do\u011fru do\u011ftu yola&#8230;<\/p>\n","protected":false},"author":1,"featured_media":54442,"comment_status":"open","ping_status":"open","sticky":false,"template":"","format":"standard","meta":{"_crdt_document":"","footnotes":""},"categories":[127],"tags":[],"class_list":["post-54441","post","type-post","status-publish","format-standard","has-post-thumbnail","hentry","category-siyaset"],"_links":{"self":[{"href":"https:\/\/www.egemtv.com\/index.php?rest_route=\/wp\/v2\/posts\/54441","targetHints":{"allow":["GET"]}}],"collection":[{"href":"https:\/\/www.egemtv.com\/index.php?rest_route=\/wp\/v2\/posts"}],"about":[{"href":"https:\/\/www.egemtv.com\/index.php?rest_route=\/wp\/v2\/types\/post"}],"author":[{"embeddable":true,"href":"https:\/\/www.egemtv.com\/index.php?rest_route=\/wp\/v2\/users\/1"}],"replies":[{"embeddable":true,"href":"https:\/\/www.egemtv.com\/index.php?rest_route=%2Fwp%2Fv2%2Fcomments&post=54441"}],"version-history":[{"count":1,"href":"https:\/\/www.egemtv.com\/index.php?rest_route=\/wp\/v2\/posts\/54441\/revisions"}],"predecessor-version":[{"id":54443,"href":"https:\/\/www.egemtv.com\/index.php?rest_route=\/wp\/v2\/posts\/54441\/revisions\/54443"}],"wp:featuredmedia":[{"embeddable":true,"href":"https:\/\/www.egemtv.com\/index.php?rest_route=\/wp\/v2\/media\/54442"}],"wp:attachment":[{"href":"https:\/\/www.egemtv.com\/index.php?rest_route=%2Fwp%2Fv2%2Fmedia&parent=54441"}],"wp:term":[{"taxonomy":"category","embeddable":true,"href":"https:\/\/www.egemtv.com\/index.php?rest_route=%2Fwp%2Fv2%2Fcategories&post=54441"},{"taxonomy":"post_tag","embeddable":true,"href":"https:\/\/www.egemtv.com\/index.php?rest_route=%2Fwp%2Fv2%2Ftags&post=54441"}],"curies":[{"name":"wp","href":"https:\/\/api.w.org\/{rel}","templated":true}]}}