{"id":54438,"date":"2025-09-12T14:35:32","date_gmt":"2025-09-12T11:35:32","guid":{"rendered":"https:\/\/www.egemtv.com\/?p=54438"},"modified":"2025-09-12T14:35:33","modified_gmt":"2025-09-12T11:35:33","slug":"buyuksehir-sanayi-sitelerinde-temizlik-calismasi-gerceklestirdi","status":"publish","type":"post","link":"https:\/\/www.egemtv.com\/?p=54438","title":{"rendered":"B\u00fcy\u00fck\u015fehir sanayi sitelerinde temizlik \u00e7al\u0131\u015fmas\u0131 ger\u00e7ekle\u015ftirdi"},"content":{"rendered":"<p>Ayd\u0131n B\u00fcy\u00fck\u015fehir Belediyesi, kent esteti\u011fini ve halk sa\u011fl\u0131\u011f\u0131n\u0131 \u00f6n planda tutan \u00e7al\u0131\u015fmalar\u0131na h\u0131z kesmeden devam ediyor. \u00c7evre Koruma ve Kontrol Dairesi Ba\u015fkanl\u0131\u011f\u0131\u2019na ba\u011fl\u0131 ekipler, Ayd\u0131n\u2019\u0131n d\u00f6rt bir yan\u0131nda cadde, bulvar ve kent mobilyalar\u0131n\u0131n temizli\u011fi i\u00e7in gece g\u00fcnd\u00fcz sahada g\u00f6rev yap\u0131yor.<br \/>\n<br \/>Bu kapsamda Efeler il\u00e7esinde bulunan sanayi sitelerinde geni\u015f \u00e7apl\u0131 temizlik \u00e7al\u0131\u015fmas\u0131 ger\u00e7ekle\u015ftirildi. Sanayi b\u00f6lgelerinde yo\u011fun \u015fekilde kullan\u0131lan cadde ve sokaklar s\u00fcp\u00fcr\u00fcld\u00fc, biriken at\u0131klar topland\u0131. B\u00fcy\u00fck\u015fehir Belediyesi\u2019nin \u00e7al\u0131\u015fmalar\u0131 ile sanayi siteleri temiz bir g\u00f6r\u00fcn\u00fcme kavu\u015ftu. \u00c7al\u0131\u015fmalardan memnuniyet duyduklar\u0131n\u0131 belirten sanayi esnaflar\u0131, Ayd\u0131n B\u00fcy\u00fck\u015fehir Belediye Ba\u015fkan\u0131 \u00d6zlem \u00c7er\u00e7io\u011flu\u2019na te\u015fekk\u00fcr etti.<br \/>\n<br \/>Ba\u015fkan \u00c7er\u00e7io\u011flu, t\u00fcm il\u00e7elerde \u00e7al\u0131\u015fmalar\u0131n devam edece\u011fini belirterek, &#8220;Temiz ve d\u00fczenli bir \u00e7evre, ya\u015fam kalitesinin en temel g\u00f6stergelerinden biridir. Bizim amac\u0131m\u0131z, Ayd\u0131n\u2019\u0131n her k\u00f6\u015fesinde vatanda\u015flar\u0131m\u0131z\u0131n g\u00f6n\u00fcl rahatl\u0131\u011f\u0131yla ya\u015fayabilece\u011fi sa\u011fl\u0131kl\u0131 alanlar olu\u015fturmak. T\u00fcm ekiplerimiz 17 il\u00e7emizin tamam\u0131nda mesai mefhumu g\u00f6zetmeksizin \u00e7al\u0131\u015f\u0131yor. Hem\u015fehrilerimizin de bu konuda bize destek olmalar\u0131, Ayd\u0131n\u2019\u0131 hep birlikte daha g\u00fczel ve ya\u015fanabilir bir kent haline getirmemiz i\u00e7in \u00e7ok \u00f6nemli&#8221; ifadelerini kulland\u0131.<br \/><\/p>\n","protected":false},"excerpt":{"rendered":"<p>Ayd\u0131n B\u00fcy\u00fck\u015fehir Belediyesi, kent esteti\u011fini ve halk sa\u011fl\u0131\u011f\u0131n\u0131 \u00f6n planda tutan \u00e7al\u0131\u015fmalar\u0131na h\u0131z kesmeden devam ediyor. \u00c7evre Koruma ve Kontrol Dairesi Ba\u015fkanl\u0131\u011f\u0131\u2019na ba\u011fl\u0131 ekipler, Ayd\u0131n\u2019\u0131n d\u00f6rt bir yan\u0131nda cadde, bulvar ve kent mobilyalar\u0131n\u0131n temizli\u011fi i\u00e7in gece g\u00fcnd\u00fcz sahada g\u00f6rev yap\u0131yor. Bu kapsamda Efeler il\u00e7esinde bulunan sanayi sitelerinde geni\u015f \u00e7apl\u0131 temizlik \u00e7al\u0131\u015fmas\u0131 ger\u00e7ekle\u015ftirildi. Sanayi b\u00f6lgelerinde yo\u011fun&#8230;<\/p>\n","protected":false},"author":1,"featured_media":54439,"comment_status":"open","ping_status":"open","sticky":false,"template":"","format":"standard","meta":{"_crdt_document":"","footnotes":""},"categories":[1],"tags":[],"class_list":["post-54438","post","type-post","status-publish","format-standard","has-post-thumbnail","hentry","category-guncel"],"_links":{"self":[{"href":"https:\/\/www.egemtv.com\/index.php?rest_route=\/wp\/v2\/posts\/54438","targetHints":{"allow":["GET"]}}],"collection":[{"href":"https:\/\/www.egemtv.com\/index.php?rest_route=\/wp\/v2\/posts"}],"about":[{"href":"https:\/\/www.egemtv.com\/index.php?rest_route=\/wp\/v2\/types\/post"}],"author":[{"embeddable":true,"href":"https:\/\/www.egemtv.com\/index.php?rest_route=\/wp\/v2\/users\/1"}],"replies":[{"embeddable":true,"href":"https:\/\/www.egemtv.com\/index.php?rest_route=%2Fwp%2Fv2%2Fcomments&post=54438"}],"version-history":[{"count":1,"href":"https:\/\/www.egemtv.com\/index.php?rest_route=\/wp\/v2\/posts\/54438\/revisions"}],"predecessor-version":[{"id":54440,"href":"https:\/\/www.egemtv.com\/index.php?rest_route=\/wp\/v2\/posts\/54438\/revisions\/54440"}],"wp:featuredmedia":[{"embeddable":true,"href":"https:\/\/www.egemtv.com\/index.php?rest_route=\/wp\/v2\/media\/54439"}],"wp:attachment":[{"href":"https:\/\/www.egemtv.com\/index.php?rest_route=%2Fwp%2Fv2%2Fmedia&parent=54438"}],"wp:term":[{"taxonomy":"category","embeddable":true,"href":"https:\/\/www.egemtv.com\/index.php?rest_route=%2Fwp%2Fv2%2Fcategories&post=54438"},{"taxonomy":"post_tag","embeddable":true,"href":"https:\/\/www.egemtv.com\/index.php?rest_route=%2Fwp%2Fv2%2Ftags&post=54438"}],"curies":[{"name":"wp","href":"https:\/\/api.w.org\/{rel}","templated":true}]}}