{"id":54435,"date":"2025-09-12T14:35:29","date_gmt":"2025-09-12T11:35:29","guid":{"rendered":"https:\/\/www.egemtv.com\/?p=54435"},"modified":"2025-09-12T14:35:32","modified_gmt":"2025-09-12T11:35:32","slug":"hisarcikta-mevlid-i-nebi-haftasi-dolayisiyla-vatandaslara-pilav-dagitildi","status":"publish","type":"post","link":"https:\/\/www.egemtv.com\/?p=54435","title":{"rendered":"Hisarc\u0131k\u2019ta Mevlid-i Nebi Haftas\u0131 dolay\u0131s\u0131yla vatanda\u015flara pilav da\u011f\u0131t\u0131ld\u0131"},"content":{"rendered":"<p>K\u00fctahya\u2019n\u0131n Hisarc\u0131k il\u00e7esinde Mevlid-i Nebi ve Ahilik Haftas\u0131 nedeniyle \u0130l\u00e7e M\u00fcft\u00fcl\u00fc\u011f\u00fcnce vatanda\u015flara Cuma namaz\u0131 \u00e7\u0131k\u0131\u015f\u0131 pilav ikram edildi.<br \/>\n<br \/>Mevlid-i Nebi ve Ahilik Haftas\u0131 nedeniyle \u0130l\u00e7e M\u00fcft\u00fcl\u00fc\u011f\u00fc olarak hay\u0131r sahiplerinin destekleriyle vatanda\u015flara y\u00f6nelik olarak pilav ve ayran ikram\u0131 ger\u00e7ekle\u015ftirdiklerini s\u00f6yleyen \u0130l\u00e7e M\u00fcft\u00fcs\u00fc H\u00fcseyin Demirci, &#8220;Y\u00fcce Rabbimiz, insan\u0131 evrende ulvi bir yere konumland\u0131rm\u0131\u015f, ona e\u015fref-i mahl\u00fbkat olma vasf\u0131n\u0131 koruyacak ilkeleri vahiyle bildirmi\u015ftir. Peygamberler arac\u0131l\u0131\u011f\u0131yla da bu ilkelerin insan hayat\u0131na nas\u0131l uygulanaca\u011f\u0131n\u0131 \u00f6\u011fretmi\u015ftir. Alemlere rahmet olarak g\u00f6nderilen Peygamber Efendimizin (s.a.s) bu \u00f6rnekli\u011fi insanl\u0131\u011fa en g\u00fczel \u015fekilde sunan son el\u00e7i olmu\u015ftur. Sevgili Peygamberimiz sallallahu aleyhi ve sellemin 1.500\u2019\u00fcnc\u00fc do\u011fum y\u0131l d\u00f6n\u00fcm\u00fc olmas\u0131 m\u00fcnasebetiyle ve ayr\u0131ca Temelde Kur\u2019an\u2019a ve Hz. Peygamberin (s.a.s) s\u00fcnnetine dayal\u0131 prensipleriyle Anadolu\u2019nun vatanla\u015fmas\u0131nda, Osmanl\u0131 Devleti\u2019nin kurulu\u015funda ve bir cihan devleti olu\u015funda \u00f6nemli rol\u00fc bulunan Ah\u00eelik te\u015fkilat\u0131n\u0131n \u00fcst\u00fcn ahlaki de\u011ferlerinin toplum nezdinde \u00f6z\u00fcmsenmesi, Ahilik te\u015fkilat\u0131n\u0131n kurucusu, esnaf, sanatk\u00e2r z\u00fcmresinin piri, \u0130slam alimi, tabip ve mutasavv\u0131f Ah\u00ee Evran-\u0131 Veli\u2019nin an\u0131lmas\u0131 do\u011frultusunda Diyanet \u0130\u015fleri Ba\u015fkanl\u0131\u011f\u0131m\u0131zca her y\u0131l \u00fclke sath\u0131nda \u00e7e\u015fitli etkinlikler d\u00fczenlenmektedir. Rabbim karde\u015fli\u011fimizi birli\u011fimizi daim eylesin eme\u011fi ge\u00e7enlere m\u00fcft\u00fcl\u00fck olarak te\u015fekk\u00fcr ederiz. Program\u0131m\u0131z in\u015fallah hay\u0131rlara vesile olur&#8221; dedi.<br \/><\/p>\n","protected":false},"excerpt":{"rendered":"<p>K\u00fctahya\u2019n\u0131n Hisarc\u0131k il\u00e7esinde Mevlid-i Nebi ve Ahilik Haftas\u0131 nedeniyle \u0130l\u00e7e M\u00fcft\u00fcl\u00fc\u011f\u00fcnce vatanda\u015flara Cuma namaz\u0131 \u00e7\u0131k\u0131\u015f\u0131 pilav ikram edildi. Mevlid-i Nebi ve Ahilik Haftas\u0131 nedeniyle \u0130l\u00e7e M\u00fcft\u00fcl\u00fc\u011f\u00fc olarak hay\u0131r sahiplerinin destekleriyle vatanda\u015flara y\u00f6nelik olarak pilav ve ayran ikram\u0131 ger\u00e7ekle\u015ftirdiklerini s\u00f6yleyen \u0130l\u00e7e M\u00fcft\u00fcs\u00fc H\u00fcseyin Demirci, &#8220;Y\u00fcce Rabbimiz, insan\u0131 evrende ulvi bir yere konumland\u0131rm\u0131\u015f, ona e\u015fref-i mahl\u00fbkat olma&#8230;<\/p>\n","protected":false},"author":1,"featured_media":54436,"comment_status":"open","ping_status":"open","sticky":false,"template":"","format":"standard","meta":{"_crdt_document":"","footnotes":""},"categories":[123],"tags":[],"class_list":["post-54435","post","type-post","status-publish","format-standard","has-post-thumbnail","hentry","category-gundem"],"_links":{"self":[{"href":"https:\/\/www.egemtv.com\/index.php?rest_route=\/wp\/v2\/posts\/54435","targetHints":{"allow":["GET"]}}],"collection":[{"href":"https:\/\/www.egemtv.com\/index.php?rest_route=\/wp\/v2\/posts"}],"about":[{"href":"https:\/\/www.egemtv.com\/index.php?rest_route=\/wp\/v2\/types\/post"}],"author":[{"embeddable":true,"href":"https:\/\/www.egemtv.com\/index.php?rest_route=\/wp\/v2\/users\/1"}],"replies":[{"embeddable":true,"href":"https:\/\/www.egemtv.com\/index.php?rest_route=%2Fwp%2Fv2%2Fcomments&post=54435"}],"version-history":[{"count":1,"href":"https:\/\/www.egemtv.com\/index.php?rest_route=\/wp\/v2\/posts\/54435\/revisions"}],"predecessor-version":[{"id":54437,"href":"https:\/\/www.egemtv.com\/index.php?rest_route=\/wp\/v2\/posts\/54435\/revisions\/54437"}],"wp:featuredmedia":[{"embeddable":true,"href":"https:\/\/www.egemtv.com\/index.php?rest_route=\/wp\/v2\/media\/54436"}],"wp:attachment":[{"href":"https:\/\/www.egemtv.com\/index.php?rest_route=%2Fwp%2Fv2%2Fmedia&parent=54435"}],"wp:term":[{"taxonomy":"category","embeddable":true,"href":"https:\/\/www.egemtv.com\/index.php?rest_route=%2Fwp%2Fv2%2Fcategories&post=54435"},{"taxonomy":"post_tag","embeddable":true,"href":"https:\/\/www.egemtv.com\/index.php?rest_route=%2Fwp%2Fv2%2Ftags&post=54435"}],"curies":[{"name":"wp","href":"https:\/\/api.w.org\/{rel}","templated":true}]}}