{"id":54432,"date":"2025-09-12T14:14:52","date_gmt":"2025-09-12T11:14:52","guid":{"rendered":"https:\/\/www.egemtv.com\/?p=54432"},"modified":"2025-09-12T14:14:52","modified_gmt":"2025-09-12T11:14:52","slug":"manisa-fk-boluspor-macinin-hazirliklarini-tamamladi","status":"publish","type":"post","link":"https:\/\/www.egemtv.com\/?p=54432","title":{"rendered":"Manisa FK, Boluspor ma\u00e7\u0131n\u0131n haz\u0131rl\u0131klar\u0131n\u0131 tamamlad\u0131"},"content":{"rendered":"<p>Manisa Futbol Kul\u00fcb\u00fc, Trendyol 1. Lig 5. haftas\u0131nda yar\u0131n deplasmanda oynayaca\u011f\u0131 Boluspor ma\u00e7\u0131n\u0131n haz\u0131rl\u0131klar\u0131n\u0131 tamamlad\u0131.<br \/>\n<br \/>Teknik Direkt\u00f6r Taner Ta\u015fk\u0131n y\u00f6netiminde ger\u00e7ekle\u015fen ter antrenman\u0131yla \u00e7al\u0131\u015fmalar\u0131n\u0131 tamamlayan Manisa FK, kampa girerek ma\u00e7 saatini beklemeye ba\u015flad\u0131.<br \/>\n<br \/>Manisa temsilcisi, hakem Burak Pakkan\u2019\u0131n y\u00f6netece\u011fi bu zorlu m\u00fccadeleden galibiyetle ayr\u0131lmak istiyor.<br \/><\/p>\n","protected":false},"excerpt":{"rendered":"<p>Manisa Futbol Kul\u00fcb\u00fc, Trendyol 1. Lig 5. haftas\u0131nda yar\u0131n deplasmanda oynayaca\u011f\u0131 Boluspor ma\u00e7\u0131n\u0131n haz\u0131rl\u0131klar\u0131n\u0131 tamamlad\u0131. Teknik Direkt\u00f6r Taner Ta\u015fk\u0131n y\u00f6netiminde ger\u00e7ekle\u015fen ter antrenman\u0131yla \u00e7al\u0131\u015fmalar\u0131n\u0131 tamamlayan Manisa FK, kampa girerek ma\u00e7 saatini beklemeye ba\u015flad\u0131. Manisa temsilcisi, hakem Burak Pakkan\u2019\u0131n y\u00f6netece\u011fi bu zorlu m\u00fccadeleden galibiyetle ayr\u0131lmak istiyor.<\/p>\n","protected":false},"author":1,"featured_media":54433,"comment_status":"open","ping_status":"open","sticky":false,"template":"","format":"standard","meta":{"_crdt_document":"","footnotes":""},"categories":[4],"tags":[],"class_list":["post-54432","post","type-post","status-publish","format-standard","has-post-thumbnail","hentry","category-spor"],"_links":{"self":[{"href":"https:\/\/www.egemtv.com\/index.php?rest_route=\/wp\/v2\/posts\/54432","targetHints":{"allow":["GET"]}}],"collection":[{"href":"https:\/\/www.egemtv.com\/index.php?rest_route=\/wp\/v2\/posts"}],"about":[{"href":"https:\/\/www.egemtv.com\/index.php?rest_route=\/wp\/v2\/types\/post"}],"author":[{"embeddable":true,"href":"https:\/\/www.egemtv.com\/index.php?rest_route=\/wp\/v2\/users\/1"}],"replies":[{"embeddable":true,"href":"https:\/\/www.egemtv.com\/index.php?rest_route=%2Fwp%2Fv2%2Fcomments&post=54432"}],"version-history":[{"count":1,"href":"https:\/\/www.egemtv.com\/index.php?rest_route=\/wp\/v2\/posts\/54432\/revisions"}],"predecessor-version":[{"id":54434,"href":"https:\/\/www.egemtv.com\/index.php?rest_route=\/wp\/v2\/posts\/54432\/revisions\/54434"}],"wp:featuredmedia":[{"embeddable":true,"href":"https:\/\/www.egemtv.com\/index.php?rest_route=\/wp\/v2\/media\/54433"}],"wp:attachment":[{"href":"https:\/\/www.egemtv.com\/index.php?rest_route=%2Fwp%2Fv2%2Fmedia&parent=54432"}],"wp:term":[{"taxonomy":"category","embeddable":true,"href":"https:\/\/www.egemtv.com\/index.php?rest_route=%2Fwp%2Fv2%2Fcategories&post=54432"},{"taxonomy":"post_tag","embeddable":true,"href":"https:\/\/www.egemtv.com\/index.php?rest_route=%2Fwp%2Fv2%2Ftags&post=54432"}],"curies":[{"name":"wp","href":"https:\/\/api.w.org\/{rel}","templated":true}]}}