{"id":54429,"date":"2025-09-12T14:14:51","date_gmt":"2025-09-12T11:14:51","guid":{"rendered":"https:\/\/www.egemtv.com\/?p=54429"},"modified":"2025-09-12T14:14:52","modified_gmt":"2025-09-12T11:14:52","slug":"bakan-bayraktar-ak-parti-olarak-her-daim-sahada-olmanin-cok-onemli-oldugunu-inaniyoruz","status":"publish","type":"post","link":"https:\/\/www.egemtv.com\/?p=54429","title":{"rendered":"Bakan Bayraktar: &#8220;AK Parti olarak her daim sahada olman\u0131n \u00e7ok \u00f6nemli oldu\u011funu inan\u0131yoruz&#8221;"},"content":{"rendered":"<p>T\u00fcrkiye Y\u00fczy\u0131l\u0131 Bulu\u015fmalar\u0131 kapsam\u0131nda Denizli\u2019ye gelen Enerji ve Tabii Kaynaklar Bakan\u0131 Alparslan Bayraktar, &#8220;Biz AK Parti olarak her daim sahada olman\u0131n \u00e7ok \u00f6nemli oldu\u011funu inan\u0131yoruz. Bu i\u015fleri sahada g\u00f6rmek, sahada sizlerle olmak ve sizlerden baz\u0131 \u015feyleri dinlemek bizim i\u00e7in \u00e7ok daha b\u00fcy\u00fck bir katk\u0131 sa\u011fl\u0131yor&#8221; dedi.<br \/>\n<br \/>Bir dizi ziyaret kapsam\u0131nda Denizli\u2019ye gelen Enerji ve Tabii Kaynaklar Bakan\u0131 Alparslan Bayraktar, AK Parti Denizli \u0130l Ba\u015fkanl\u0131\u011f\u0131nda partililer ile bir araya geldi. Bakan bayraktar, kentteki ilk dura\u011f\u0131nda g\u00fcndeme dair a\u00e7\u0131klamalarda bulundu.<br \/>\n<br \/>AK Partili milletvekilleri ile Denizli ve il\u00e7elerinde yo\u011fun bir \u00e7al\u0131\u015fma yapacaklar\u0131n\u0131 ifade eden Enerji ve Tabii Kaynaklar Bakan\u0131 Alparslan Bayraktar, &#8220;T\u00fcrkiye Y\u00fczy\u0131l\u0131 Bulu\u015fmalar\u0131n\u0131n iki \u00f6zelli\u011fi var. Bir tanesi Cumhurba\u015fkan\u0131m\u0131z Recep Tayyip Erdo\u011fan\u2019\u0131n ortaya koydu\u011fu yeni y\u00fczy\u0131lda T\u00fcrkiye tasarrufumuz, hedefimiz, idaremiz ve s\u00fcrecimizin ne oldu\u011funu vatanda\u015flar\u0131m\u0131za birebir bulu\u015fmak suretiyle anlatmak. T\u00fcrkiye y\u00fczy\u0131l\u0131 in\u015fallah Cumhurba\u015fkan\u0131m\u0131z\u0131n liderli\u011finde \u00e7\u0131kt\u0131\u011f\u0131m\u0131z yolda \u00fclkemizin \u00e7ok daha g\u00fc\u00e7l\u00fc, \u00e7ok daha b\u00fcy\u00fck, ekonomik anlamda refah d\u00fczeyi y\u00fckselmi\u015f bir \u00fclke olarak \u00e7ocuklar\u0131m\u0131za, torunlar\u0131m\u0131za daha ayr\u0131 bir gelecek getirece\u011fimiz bir y\u00fczy\u0131l olacak. Dolay\u0131s\u0131yla neyi hedefliyoruz, neyi ama\u00e7l\u0131yoruz ve bunlar\u0131 nas\u0131l yapaca\u011f\u0131z, nerede neye ihtiyac\u0131m\u0131z var bunlar\u0131 sizlerle yani vatanda\u015flar\u0131m\u0131zla anlatmam\u0131z a\u00e7\u0131s\u0131ndan \u00f6nemli bir bulu\u015fma. Biz AK Parti olarak her daim sahada olman\u0131n \u00e7ok \u00f6nemli oldu\u011funu inan\u0131yoruz. Milletvekillerimiz, il ba\u015fkan\u0131 arkada\u015flar\u0131m\u0131z, il\u00e7e ba\u015fkanlar\u0131m\u0131z ile \u00e7ok s\u0131k bir \u015fekilde Ankara\u2019da bir araya geliyoruz. Bu i\u015fleri sahada g\u00f6rmek, sahada sizlerle olmak ve sizlerden baz\u0131 \u015feyleri dinlemek bizim i\u00e7in \u00e7ok daha b\u00fcy\u00fck bir katk\u0131 sa\u011fl\u0131yor. Bug\u00fcn dolu dolu bir Denizli g\u00fcn\u00fc i\u00e7in buraday\u0131z&#8221; dedi.<\/p>\n<p>&#8220;\u0130hracata yakla\u015f\u0131k 4,5 milyar dolar bir katk\u0131s\u0131 olan Denizli bizler i\u00e7in \u00e7ok \u00f6nemli&#8221;<br \/>\n<br \/>Denizli\u2019nin T\u00fcrkiye\u2019nin \u00f6nemli enerji kentlerinden bir tanesi oldu\u011funu ifade eden Bakan Bayraktar, &#8220;Denizli \u00fclkemizin g\u00f6z bebe\u011fi \u015fehirlerinden bir tanesi. Enerji i\u00e7in \u00f6nemli bir yer. Denizli, enerji \u00fcretti\u011fimiz \u00f6nemli illerden bir tanesi. T\u00fcrkiye\u2019nin ekonomi i\u00e7in lokomotif illerinden bir tanesi. Bunu s\u00f6ylerken rakamlara bakarak s\u00f6yl\u00fcyorum. 2002 y\u0131l\u0131nda Denizli\u2019de elektrik t\u00fcketimi bug\u00fcne geldi\u011fimizde 6 kat artm\u0131\u015f durumda. N\u00fcfus art\u0131\u015f\u0131 ve ekonomik, ticari aktiviteleri artt\u0131. Denizli\u2019nin \u00f6zellikle sanayisi, imalat sanayi ve tekstil sanayisi \u00e7ok \u00f6nemli bir ihracat yapan \u00fcretim yapan bir yer haline geldi. Dolay\u0131s\u0131yla T\u00fcrkiye\u2019nin ekonomisini bu kadar lokomotif bir yeri olan, istihdama katk\u0131s\u0131 olan bir yer. \u0130hracata yakla\u015f\u0131k 4,5 milyar dolar bir katk\u0131s\u0131 olan Denizli bizler i\u00e7in \u00e7ok \u00f6nemli. Hem T\u00fcrkiye y\u00fczy\u0131l\u0131 bulu\u015fmalar\u0131 kapsam\u0131nda biz enerjide neyi hedefliyoruz konusunda vatanda\u015flar\u0131m\u0131zla payla\u015faca\u011f\u0131z. Enerjideki sorunlar nas\u0131l \u00e7\u00f6z\u00fcm yollar\u0131 bulabiliriz konu\u015faca\u011f\u0131z. Sanayicilerimizle isti\u015fare edece\u011fiz. Bu konular\u0131 ilk ba\u015fta te\u015fkilat\u0131m\u0131zla bir araya gelip detayl\u0131 bir \u015fekilde konu\u015faca\u011f\u0131z. T\u00fcrkiye y\u00fczy\u0131l\u0131 bulu\u015fmalar\u0131 bizlere hay\u0131rl\u0131 olmas\u0131n\u0131 diliyorum&#8221; ifadelerini kulland\u0131.<br \/>\n<br \/>A\u00e7\u0131klamalar\u0131n ard\u0131ndan bas\u0131na kapal\u0131 devam eden program\u0131n sonras\u0131nda Enerji ve Tabii Kaynaklar Bakan\u0131 Alparslan Bayraktar, Denizli Valili\u011fini ard\u0131ndan ise Denizli Sanayi B\u00f6lgesinde bulunan DOSTEK Kolejini ziyaret ederek, Denizlili sanayicilerle bir araya gelecek.<br \/><\/p>\n","protected":false},"excerpt":{"rendered":"<p>T\u00fcrkiye Y\u00fczy\u0131l\u0131 Bulu\u015fmalar\u0131 kapsam\u0131nda Denizli\u2019ye gelen Enerji ve Tabii Kaynaklar Bakan\u0131 Alparslan Bayraktar, &#8220;Biz AK Parti olarak her daim sahada olman\u0131n \u00e7ok \u00f6nemli oldu\u011funu inan\u0131yoruz. Bu i\u015fleri sahada g\u00f6rmek, sahada sizlerle olmak ve sizlerden baz\u0131 \u015feyleri dinlemek bizim i\u00e7in \u00e7ok daha b\u00fcy\u00fck bir katk\u0131 sa\u011fl\u0131yor&#8221; dedi. Bir dizi ziyaret kapsam\u0131nda Denizli\u2019ye gelen Enerji ve Tabii&#8230;<\/p>\n","protected":false},"author":1,"featured_media":54430,"comment_status":"open","ping_status":"open","sticky":false,"template":"","format":"standard","meta":{"_crdt_document":"","footnotes":""},"categories":[127],"tags":[],"class_list":["post-54429","post","type-post","status-publish","format-standard","has-post-thumbnail","hentry","category-siyaset"],"_links":{"self":[{"href":"https:\/\/www.egemtv.com\/index.php?rest_route=\/wp\/v2\/posts\/54429","targetHints":{"allow":["GET"]}}],"collection":[{"href":"https:\/\/www.egemtv.com\/index.php?rest_route=\/wp\/v2\/posts"}],"about":[{"href":"https:\/\/www.egemtv.com\/index.php?rest_route=\/wp\/v2\/types\/post"}],"author":[{"embeddable":true,"href":"https:\/\/www.egemtv.com\/index.php?rest_route=\/wp\/v2\/users\/1"}],"replies":[{"embeddable":true,"href":"https:\/\/www.egemtv.com\/index.php?rest_route=%2Fwp%2Fv2%2Fcomments&post=54429"}],"version-history":[{"count":1,"href":"https:\/\/www.egemtv.com\/index.php?rest_route=\/wp\/v2\/posts\/54429\/revisions"}],"predecessor-version":[{"id":54431,"href":"https:\/\/www.egemtv.com\/index.php?rest_route=\/wp\/v2\/posts\/54429\/revisions\/54431"}],"wp:featuredmedia":[{"embeddable":true,"href":"https:\/\/www.egemtv.com\/index.php?rest_route=\/wp\/v2\/media\/54430"}],"wp:attachment":[{"href":"https:\/\/www.egemtv.com\/index.php?rest_route=%2Fwp%2Fv2%2Fmedia&parent=54429"}],"wp:term":[{"taxonomy":"category","embeddable":true,"href":"https:\/\/www.egemtv.com\/index.php?rest_route=%2Fwp%2Fv2%2Fcategories&post=54429"},{"taxonomy":"post_tag","embeddable":true,"href":"https:\/\/www.egemtv.com\/index.php?rest_route=%2Fwp%2Fv2%2Ftags&post=54429"}],"curies":[{"name":"wp","href":"https:\/\/api.w.org\/{rel}","templated":true}]}}