{"id":54426,"date":"2025-09-12T13:54:54","date_gmt":"2025-09-12T10:54:54","guid":{"rendered":"https:\/\/www.egemtv.com\/?p=54426"},"modified":"2025-09-12T13:54:55","modified_gmt":"2025-09-12T10:54:55","slug":"agir-ruhsal-hastaliklar-ve-sizofreni-hastalarinin-damgalanmasiyla-mucadele-ediliyor","status":"publish","type":"post","link":"https:\/\/www.egemtv.com\/?p=54426","title":{"rendered":"A\u011f\u0131r ruhsal hastal\u0131klar ve \u015fizofreni hastalar\u0131n\u0131n damgalanmas\u0131yla m\u00fccadele ediliyor"},"content":{"rendered":"<p>DEN\u0130ZL\u0130 (\u0130HA) \u2013 Denizli\u2019de ceza infaz kurumlar\u0131 ve tutuk evleri personellerine, a\u011f\u0131r ruhsal hastal\u0131klar ve \u015fizofreni hastalar\u0131n damgalanmas\u0131yla m\u00fccadele hakk\u0131nda e\u011fitim verildi.<\/p>\n<p>Adalet Bakanl\u0131\u011f\u0131 Hasan Erbil E\u011fitim Merkezi M\u00fcd\u00fcrl\u00fc\u011f\u00fcnde Ceza ve Tevkif Evleri Genel M\u00fcd\u00fcrl\u00fc\u011f\u00fc Ceza \u0130nfaz Kurumlar\u0131 ve Tutuk Evleri personellerine y\u00f6nelik, Toplum ve Ruh Sa\u011fl\u0131\u011f\u0131 Merkezi Sorumlu Hekimi ve Psikiyatri Anabilim Dal\u0131 \u00d6\u011fretim \u00dcyesi Do\u00e7. Dr. Ay\u015fe Nur \u0130nci Kenar taraf\u0131ndan a\u011f\u0131r ruhsal hastal\u0131klar ve \u015fizofreni hastalar\u0131n damgalanmas\u0131 ile m\u00fccadele hakk\u0131nda e\u011fitim d\u00fczenlendi.<\/p>\n<p>Toplum Ruh Sa\u011f\u0131l\u0131\u011f\u0131 Merkezleri taraf\u0131ndan damgalaman\u0131n azalt\u0131lmas\u0131na y\u00f6nelik \u00e7al\u0131\u015fmalar yap\u0131ld\u0131\u011f\u0131n\u0131 belirten Do\u00e7. Dr. Ay\u015fe Nur \u0130nci Kenar, e\u011fitimde \u015fu bilgileri payla\u015ft\u0131: &#8220;A\u011f\u0131r ruhsal hastal\u0131klarda, \u00f6zellikle \u015fizofrenide hastalar\u0131n, toplum ve bas\u0131n taraf\u0131ndan damgalanmas\u0131 ile m\u00fccadele kapsam\u0131nda e\u011fitim faaliyetlerine devam edilmektedir. Damgalama (Stigma), bireyde utan\u00e7 verici bir \u00f6zellik oldu\u011fu anlam\u0131na gelen i\u015farettir. Ruhsal hastal\u0131klarda damgalanma fiziksel hastal\u0131klardan farkl\u0131d\u0131r. Ruhsal bozukluklar ki\u015finin d\u00fc\u015f\u00fcnme, duygular\u0131n\u0131 ifade etme ve sosyal ortamda ipu\u00e7lar\u0131n\u0131 anlama gibi \u00f6nemli insani \u00f6zelliklerini de\u011fi\u015ftirir. \u2018\u015eizofreni hastalar\u0131 sald\u0131rgand\u0131r, \u015fizofreninin tedavisi yoktur, \u015fizofreni hastalar\u0131 toplumdan uzakla\u015ft\u0131r\u0131lmal\u0131d\u0131r\u2019 gibi a\u011f\u0131r ruhsal hastal\u0131klarla ilgili \u00f6n yarg\u0131lar, damgalamaya katk\u0131da bulunmaktad\u0131r&#8221;<\/p>\n<p>Verilen e\u011fitimlerin \u00f6nemine dikkat \u00e7eken Do\u00e7. Dr. Kenar, &#8220;Topluma hastal\u0131\u011f\u0131 tan\u0131tmak, ailenin e\u011fitimi ve desteklenmesi, medyan\u0131n olumlu de\u011fi\u015fiminin sa\u011flanmas\u0131, psikiyatrik rehabilitasyon alanlar\u0131nda e\u011fitim ve \u00e7al\u0131\u015fmalar y\u00fcr\u00fct\u00fclmektedir. \u015eizofreni hastalar\u0131ndan korkmay\u0131n, onlara destek olun ve ho\u015fg\u00f6r\u00fcl\u00fc yakla\u015f\u0131n. \u015eizofreni hakk\u0131nda bilgi edinin, hastal\u0131kla ilgili olumsuz \u00f6nyarg\u0131lar\u0131n\u0131z\u0131 de\u011fi\u015ftirin. \u00c7al\u0131\u015fabilme ve \u00fcretebilme \u015fans\u0131 tan\u0131y\u0131n \u00e7\u00fcnk\u00fc sizin \u00e7ocu\u011funuz da bir g\u00fcn \u015fizofreni olabilir&#8221; dedi.<\/p>\n<p>E\u011fitim Merkezi Ba\u015fkan\u0131 Cumhuriyet Savc\u0131s\u0131 Erhan Kilik, bilgilendirmenin sonunda Do\u00e7. Dr. Ay\u015fe Nur \u0130nci Kenar\u2019a \u00e7i\u00e7ek takdim ederek te\u015fekk\u00fcrlerini sundu.<br \/><\/p>\n","protected":false},"excerpt":{"rendered":"<p>DEN\u0130ZL\u0130 (\u0130HA) \u2013 Denizli\u2019de ceza infaz kurumlar\u0131 ve tutuk evleri personellerine, a\u011f\u0131r ruhsal hastal\u0131klar ve \u015fizofreni hastalar\u0131n damgalanmas\u0131yla m\u00fccadele hakk\u0131nda e\u011fitim verildi. Adalet Bakanl\u0131\u011f\u0131 Hasan Erbil E\u011fitim Merkezi M\u00fcd\u00fcrl\u00fc\u011f\u00fcnde Ceza ve Tevkif Evleri Genel M\u00fcd\u00fcrl\u00fc\u011f\u00fc Ceza \u0130nfaz Kurumlar\u0131 ve Tutuk Evleri personellerine y\u00f6nelik, Toplum ve Ruh Sa\u011fl\u0131\u011f\u0131 Merkezi Sorumlu Hekimi ve Psikiyatri Anabilim Dal\u0131 \u00d6\u011fretim&#8230;<\/p>\n","protected":false},"author":1,"featured_media":54427,"comment_status":"open","ping_status":"open","sticky":false,"template":"","format":"standard","meta":{"_crdt_document":"","footnotes":""},"categories":[2],"tags":[],"class_list":["post-54426","post","type-post","status-publish","format-standard","has-post-thumbnail","hentry","category-saglik"],"_links":{"self":[{"href":"https:\/\/www.egemtv.com\/index.php?rest_route=\/wp\/v2\/posts\/54426","targetHints":{"allow":["GET"]}}],"collection":[{"href":"https:\/\/www.egemtv.com\/index.php?rest_route=\/wp\/v2\/posts"}],"about":[{"href":"https:\/\/www.egemtv.com\/index.php?rest_route=\/wp\/v2\/types\/post"}],"author":[{"embeddable":true,"href":"https:\/\/www.egemtv.com\/index.php?rest_route=\/wp\/v2\/users\/1"}],"replies":[{"embeddable":true,"href":"https:\/\/www.egemtv.com\/index.php?rest_route=%2Fwp%2Fv2%2Fcomments&post=54426"}],"version-history":[{"count":1,"href":"https:\/\/www.egemtv.com\/index.php?rest_route=\/wp\/v2\/posts\/54426\/revisions"}],"predecessor-version":[{"id":54428,"href":"https:\/\/www.egemtv.com\/index.php?rest_route=\/wp\/v2\/posts\/54426\/revisions\/54428"}],"wp:featuredmedia":[{"embeddable":true,"href":"https:\/\/www.egemtv.com\/index.php?rest_route=\/wp\/v2\/media\/54427"}],"wp:attachment":[{"href":"https:\/\/www.egemtv.com\/index.php?rest_route=%2Fwp%2Fv2%2Fmedia&parent=54426"}],"wp:term":[{"taxonomy":"category","embeddable":true,"href":"https:\/\/www.egemtv.com\/index.php?rest_route=%2Fwp%2Fv2%2Fcategories&post=54426"},{"taxonomy":"post_tag","embeddable":true,"href":"https:\/\/www.egemtv.com\/index.php?rest_route=%2Fwp%2Fv2%2Ftags&post=54426"}],"curies":[{"name":"wp","href":"https:\/\/api.w.org\/{rel}","templated":true}]}}