{"id":54423,"date":"2025-09-12T13:50:08","date_gmt":"2025-09-12T10:50:08","guid":{"rendered":"https:\/\/www.egemtv.com\/?p=54423"},"modified":"2025-09-12T13:50:08","modified_gmt":"2025-09-12T10:50:08","slug":"ajete-apexten-2-yilda-2-odul","status":"publish","type":"post","link":"https:\/\/www.egemtv.com\/?p=54423","title":{"rendered":"AJet\u2019e APEX\u2019ten 2 Y\u0131lda 2 \u00f6d\u00fcl"},"content":{"rendered":"\n<p class=\"wp-block-paragraph\"><\/p>\n\n\n\n<p class=\"wp-block-paragraph\"><strong>AJet 2. Kez Uluslararas\u0131 \u00d6d\u00fcle Lay\u0131k G\u00f6r\u00fcld\u00fc<\/strong><\/p>\n\n\n\n<p class=\"wp-block-paragraph\">T\u00fcrkiye\u2019nin en gen\u00e7 hava yolu \u015firketi AJet, yolcu deneyimi alan\u0131nda uluslararas\u0131 \u00f6d\u00fcl kazand\u0131. AJet, Havayolu Yolcu Deneyimi Derne\u011fi (APEX) taraf\u0131ndan ikinci kez \u201cD\u00f6rt Y\u0131ld\u0131zl\u0131 D\u00fc\u015f\u00fck Maliyetli Havayolu\u201d \u00f6d\u00fcl\u00fcne lay\u0131k g\u00f6r\u00fcld\u00fc. AJet, yakla\u015f\u0131k 600 hava yolu aras\u0131ndan \u00f6ne \u00e7\u0131karak kendi kategorisinde \u00f6d\u00fcl kazanan tek T\u00fcrk markas\u0131 oldu.<\/p>\n\n\n\n<p class=\"wp-block-paragraph\"><strong>AJet\u2019e Uluslararas\u0131 2. \u00d6d\u00fcl<\/strong><\/p>\n\n\n\n<p class=\"wp-block-paragraph\">T\u00fcrkiye\u2019nin eri\u015filebilir hava yolu \u015firketi AJet, yolcu memnuniyetini \u00f6nceliklendiren yakla\u015f\u0131m\u0131 ve uygun fiyat politikas\u0131 ile havac\u0131l\u0131k sekt\u00f6r\u00fcn\u00fcn \u00f6nde gelen organizasyonlar\u0131ndan Havayolu Yolcu Deneyimi Derne\u011fi (APEX- The Airline Passenger Experience Association) taraf\u0131ndan \u00f6d\u00fcllendirildi.<\/p>\n\n\n\n<p class=\"wp-block-paragraph\">D\u00fcnyan\u0131n d\u00f6rt bir yan\u0131ndan yolcular\u0131n yakla\u015f\u0131k 1 milyon u\u00e7u\u015f i\u00e7in yapt\u0131\u011f\u0131 ba\u011f\u0131ms\u0131z de\u011ferlendirmeler sonucu verilen \u00f6d\u00fcllerde; AJet, \u201cD\u00f6rt Y\u0131ld\u0131zl\u0131 D\u00fc\u015f\u00fck Maliyetli Havayolu\u201d \u00f6d\u00fcl\u00fcn\u00fc ikinci kez ald\u0131.<\/p>\n\n\n\n<p class=\"wp-block-paragraph\"><strong>AJet, d\u00fcnyan\u0131n en iyi 10 d\u00fc\u015f\u00fck maliyetli hava yolu \u015firketi aras\u0131nda<\/strong><\/p>\n\n\n\n<p class=\"wp-block-paragraph\">APEX 2026 yolcu de\u011ferlendirmesinde, yakla\u015f\u0131k 600 hava yolu aras\u0131ndan \u00f6ne \u00e7\u0131karak d\u00fcnyan\u0131n en iyi 10 d\u00fc\u015f\u00fck maliyetli hava yolu \u015firketi aras\u0131na giren AJet, kendi kategorisinde \u00f6d\u00fcl olan tek T\u00fcrk markas\u0131 oldu.<\/p>\n\n\n\n<p class=\"wp-block-paragraph\">\u00d6d\u00fcl, ABD\u2019nin Los Angeles kentindeki APEX\/IFSA Global Expo fuar\u0131nda yap\u0131lan t\u00f6renle, APEX\/IFSA CEO\u2019su Dr. Joe Leader taraf\u0131ndan AJet Genel M\u00fcd\u00fcr Yard\u0131mc\u0131s\u0131 Cemal Kaya\u2019ya takdim edildi. AJet, ge\u00e7ti\u011fimiz y\u0131l, kurulu\u015funun hen\u00fcz 7. ay\u0131nda iken yine APEX\u2019in \u201cD\u00f6rt Y\u0131ld\u0131zl\u0131 D\u00fc\u015f\u00fck Maliyetli Havayolu\u201d \u00f6d\u00fcl\u00fcne hak kazanm\u0131\u015ft\u0131.<\/p>\n\n\n\n<p class=\"wp-block-paragraph\"><strong>Kerem Sarp: AJet\u2019in hizmet kalitesi, uluslararas\u0131 alanda bir kez daha tescillendi<\/strong><\/p>\n\n\n\n<p class=\"wp-block-paragraph\">APEX \u00f6d\u00fcn\u00fc de\u011ferlendiren AJet Genel M\u00fcd\u00fcr\u00fc Kerem Sarp, \u201cAPEX taraf\u0131ndan ikinci kez \u00f6d\u00fcle lay\u0131k g\u00f6r\u00fclmenin gururunu ya\u015f\u0131yoruz. Bu \u00f6d\u00fclle misafirlerimize sundu\u011fumuz u\u00e7u\u015f deneyimi, konfor ve hizmet kalitesi, uluslararas\u0131 alanda bir kez daha tescillendi. Mevcut SAFA puan\u0131m\u0131z 0,30 olup, bu puan\u0131 daha da a\u015fa\u011f\u0131 \u00e7ekmekte kararl\u0131y\u0131z. U\u00e7u\u015f emniyetimizden \u00f6d\u00fcn vermeden, hizmet kalitemizi art\u0131rmaya devam ediyoruz.\u201d dedi.<\/p>\n","protected":false},"excerpt":{"rendered":"<p>AJet 2. Kez Uluslararas\u0131 \u00d6d\u00fcle Lay\u0131k G\u00f6r\u00fcld\u00fc T\u00fcrkiye\u2019nin en gen\u00e7 hava yolu \u015firketi AJet, yolcu deneyimi alan\u0131nda uluslararas\u0131 \u00f6d\u00fcl kazand\u0131. AJet, Havayolu Yolcu Deneyimi Derne\u011fi (APEX) taraf\u0131ndan ikinci kez \u201cD\u00f6rt Y\u0131ld\u0131zl\u0131 D\u00fc\u015f\u00fck Maliyetli Havayolu\u201d \u00f6d\u00fcl\u00fcne lay\u0131k g\u00f6r\u00fcld\u00fc. AJet, yakla\u015f\u0131k 600 hava yolu aras\u0131ndan \u00f6ne \u00e7\u0131karak kendi kategorisinde \u00f6d\u00fcl kazanan tek T\u00fcrk markas\u0131 oldu. AJet\u2019e Uluslararas\u0131&#8230;<\/p>\n","protected":false},"author":1,"featured_media":54424,"comment_status":"open","ping_status":"open","sticky":false,"template":"","format":"standard","meta":{"_crdt_document":"","footnotes":""},"categories":[123],"tags":[],"class_list":["post-54423","post","type-post","status-publish","format-standard","has-post-thumbnail","hentry","category-gundem"],"_links":{"self":[{"href":"https:\/\/www.egemtv.com\/index.php?rest_route=\/wp\/v2\/posts\/54423","targetHints":{"allow":["GET"]}}],"collection":[{"href":"https:\/\/www.egemtv.com\/index.php?rest_route=\/wp\/v2\/posts"}],"about":[{"href":"https:\/\/www.egemtv.com\/index.php?rest_route=\/wp\/v2\/types\/post"}],"author":[{"embeddable":true,"href":"https:\/\/www.egemtv.com\/index.php?rest_route=\/wp\/v2\/users\/1"}],"replies":[{"embeddable":true,"href":"https:\/\/www.egemtv.com\/index.php?rest_route=%2Fwp%2Fv2%2Fcomments&post=54423"}],"version-history":[{"count":1,"href":"https:\/\/www.egemtv.com\/index.php?rest_route=\/wp\/v2\/posts\/54423\/revisions"}],"predecessor-version":[{"id":54425,"href":"https:\/\/www.egemtv.com\/index.php?rest_route=\/wp\/v2\/posts\/54423\/revisions\/54425"}],"wp:featuredmedia":[{"embeddable":true,"href":"https:\/\/www.egemtv.com\/index.php?rest_route=\/wp\/v2\/media\/54424"}],"wp:attachment":[{"href":"https:\/\/www.egemtv.com\/index.php?rest_route=%2Fwp%2Fv2%2Fmedia&parent=54423"}],"wp:term":[{"taxonomy":"category","embeddable":true,"href":"https:\/\/www.egemtv.com\/index.php?rest_route=%2Fwp%2Fv2%2Fcategories&post=54423"},{"taxonomy":"post_tag","embeddable":true,"href":"https:\/\/www.egemtv.com\/index.php?rest_route=%2Fwp%2Fv2%2Ftags&post=54423"}],"curies":[{"name":"wp","href":"https:\/\/api.w.org\/{rel}","templated":true}]}}