{"id":54419,"date":"2025-09-12T13:35:06","date_gmt":"2025-09-12T10:35:06","guid":{"rendered":"https:\/\/www.egemtv.com\/?p=54419"},"modified":"2025-09-12T13:35:09","modified_gmt":"2025-09-12T10:35:09","slug":"gulluk-korfezinde-kacak-avcilik-denetimi","status":"publish","type":"post","link":"https:\/\/www.egemtv.com\/?p=54419","title":{"rendered":"G\u00fcll\u00fck K\u00f6rfezi\u2019nde ka\u00e7ak avc\u0131l\u0131k denetimi"},"content":{"rendered":"<p>Mu\u011fla Tar\u0131m ve Orman \u0130l M\u00fcd\u00fcrl\u00fc\u011f\u00fcne gelen ihbarlar do\u011frultusunda, Bal\u0131k\u00e7\u0131l\u0131k ve Su \u00dcr\u00fcnleri \u015eubesi taraf\u0131ndan, G\u00fcll\u00fck K\u00f6rfezi\u2019nde 30 saat kesintisiz denetim ger\u00e7ekle\u015ftirildi.<br \/>\n<br \/>Yap\u0131lan denetimlerde, \u00fczerindeki bal\u0131klardan ve \u0131slakl\u0131\u011f\u0131ndan ayn\u0131 g\u00fcn kullan\u0131ld\u0131\u011f\u0131 tespit edilen, markas\u0131z ve yasal \u00f6l\u00e7\u00fclere uymayan (21 mm g\u00f6z a\u00e7\u0131kl\u0131\u011f\u0131, 38 kula\u00e7 derinlik, 360 m uzunlukta), ancak sahibi belirlenemeyen 1 adet alamana a\u011f\u0131, denizde \u00fcretim yapan su \u00fcr\u00fcnleri yeti\u015ftiricilik tesislerine ait kafeslerin dibine b\u0131rak\u0131lm\u0131\u015f halde bulunan 4 adet markas\u0131z uzatma a\u011f\u0131 tespit edildi.<br \/>\n<br \/>Ele ge\u00e7irilen a\u011f, m\u00fclkiyeti kamuya ge\u00e7irilmek \u00fczere el konuldu. Mu\u011fla Tar\u0131m ve Orman \u0130l M\u00fcd\u00fcrl\u00fc\u011f\u00fc ekipleri ka\u00e7ak su \u00fcr\u00fcnleri avc\u0131l\u0131\u011f\u0131na kar\u015f\u0131 denetimlerin aral\u0131ks\u0131z olarak bundan sonra da devam edece\u011fini a\u00e7\u0131klad\u0131lar.<br \/><\/p>\n","protected":false},"excerpt":{"rendered":"<p>Mu\u011fla Tar\u0131m ve Orman \u0130l M\u00fcd\u00fcrl\u00fc\u011f\u00fcne gelen ihbarlar do\u011frultusunda, Bal\u0131k\u00e7\u0131l\u0131k ve Su \u00dcr\u00fcnleri \u015eubesi taraf\u0131ndan, G\u00fcll\u00fck K\u00f6rfezi\u2019nde 30 saat kesintisiz denetim ger\u00e7ekle\u015ftirildi. Yap\u0131lan denetimlerde, \u00fczerindeki bal\u0131klardan ve \u0131slakl\u0131\u011f\u0131ndan ayn\u0131 g\u00fcn kullan\u0131ld\u0131\u011f\u0131 tespit edilen, markas\u0131z ve yasal \u00f6l\u00e7\u00fclere uymayan (21 mm g\u00f6z a\u00e7\u0131kl\u0131\u011f\u0131, 38 kula\u00e7 derinlik, 360 m uzunlukta), ancak sahibi belirlenemeyen 1 adet alamana a\u011f\u0131,&#8230;<\/p>\n","protected":false},"author":1,"featured_media":54420,"comment_status":"open","ping_status":"open","sticky":false,"template":"","format":"standard","meta":{"_crdt_document":"","footnotes":""},"categories":[5],"tags":[],"class_list":["post-54419","post","type-post","status-publish","format-standard","has-post-thumbnail","hentry","category-asayis"],"_links":{"self":[{"href":"https:\/\/www.egemtv.com\/index.php?rest_route=\/wp\/v2\/posts\/54419","targetHints":{"allow":["GET"]}}],"collection":[{"href":"https:\/\/www.egemtv.com\/index.php?rest_route=\/wp\/v2\/posts"}],"about":[{"href":"https:\/\/www.egemtv.com\/index.php?rest_route=\/wp\/v2\/types\/post"}],"author":[{"embeddable":true,"href":"https:\/\/www.egemtv.com\/index.php?rest_route=\/wp\/v2\/users\/1"}],"replies":[{"embeddable":true,"href":"https:\/\/www.egemtv.com\/index.php?rest_route=%2Fwp%2Fv2%2Fcomments&post=54419"}],"version-history":[{"count":1,"href":"https:\/\/www.egemtv.com\/index.php?rest_route=\/wp\/v2\/posts\/54419\/revisions"}],"predecessor-version":[{"id":54421,"href":"https:\/\/www.egemtv.com\/index.php?rest_route=\/wp\/v2\/posts\/54419\/revisions\/54421"}],"wp:featuredmedia":[{"embeddable":true,"href":"https:\/\/www.egemtv.com\/index.php?rest_route=\/wp\/v2\/media\/54420"}],"wp:attachment":[{"href":"https:\/\/www.egemtv.com\/index.php?rest_route=%2Fwp%2Fv2%2Fmedia&parent=54419"}],"wp:term":[{"taxonomy":"category","embeddable":true,"href":"https:\/\/www.egemtv.com\/index.php?rest_route=%2Fwp%2Fv2%2Fcategories&post=54419"},{"taxonomy":"post_tag","embeddable":true,"href":"https:\/\/www.egemtv.com\/index.php?rest_route=%2Fwp%2Fv2%2Ftags&post=54419"}],"curies":[{"name":"wp","href":"https:\/\/api.w.org\/{rel}","templated":true}]}}