{"id":54384,"date":"2025-09-12T12:14:58","date_gmt":"2025-09-12T09:14:58","guid":{"rendered":"https:\/\/www.egemtv.com\/?p=54384"},"modified":"2025-09-12T12:14:59","modified_gmt":"2025-09-12T09:14:59","slug":"350-milyon-metrekup-depolama-hacmine-sahip-adnan-menderes-baraji-kuruma-noktasina-geldi","status":"publish","type":"post","link":"https:\/\/www.egemtv.com\/?p=54384","title":{"rendered":"350 milyon metrek\u00fcp depolama hacmine sahip Adnan Menderes Baraj\u0131, kuruma noktas\u0131na geldi"},"content":{"rendered":"<p>Kurakl\u0131\u011f\u0131n etkisinin her ge\u00e7en artt\u0131\u011f\u0131 Ayd\u0131n\u2019da bulunan 350 milyon metrek\u00fcp depolama hacmine sahip Adnan Menderes Baraj\u0131 adeta kuruma noktas\u0131na geldi. Barajda hayat suyu seviyesinde ancak su kald\u0131\u011f\u0131 \u00f6\u011frenilirken, susuzlu\u011fun manzaras\u0131 g\u00f6renleri \u015fa\u015f\u0131rtt\u0131.<\/p>\n<p>Ge\u00e7ti\u011fimiz y\u0131llarda \u00c7ine, Ayd\u0131n, Ko\u00e7arl\u0131 ve S\u00f6ke Ovas\u0131\u2019n\u0131 besleyen Adnan Menderes Baraj\u0131\u2019nda su seviyesi tarihinin en d\u00fc\u015f\u00fck seviyesine indi. Baraj i\u00e7erisinde sular\u0131n \u00e7ekilmesi nedeniyle adac\u0131klar olu\u015furken, barajdaki az miktardaki su g\u00f6renleri \u015fa\u015f\u0131rt\u0131yor.<\/p>\n<p>Silindirle s\u0131k\u0131\u015ft\u0131r\u0131lm\u0131\u015f beton y\u00f6ntemiyle in\u015fa edilen 136.5 metre y\u00fcksekli\u011fi ile hizmete a\u00e7\u0131ld\u0131\u011f\u0131 d\u00f6nemde T\u00fcrkiye\u2019nin ve Avrupa\u2019n\u0131n 1\u2019inci, d\u00fcnyan\u0131n ise 5\u2019inci b\u00fcy\u00fck baraj\u0131 olma \u00f6zelli\u011fine sahip \u00c7ine Adnan Menderes Baraj\u0131, sulama, ta\u015fk\u0131n koruma ve enerji \u00fcretim maksatl\u0131 in\u015fa edilmi\u015fti. \u00c7ine Ovas\u0131\u2019nda 6 bin 279 hektar, Ko\u00e7arl\u0131 Ovas\u0131\u2019nda 13 bin 79 hektar, S\u00f6ke Ovas\u0131\u2019nda 3 bin hektar olmak \u00fczere toplam 22 bin 358 hektar araziyi sulayacak, ayr\u0131ca 10 bin hektar araziyi de ta\u015fk\u0131ndan korumas\u0131 ama\u00e7lanan \u00c7ine Adnan Menderes Baraj\u0131\u2019n\u0131n son durumu objektiflere bu \u015fekilde yans\u0131d\u0131.<br \/><\/p>\n","protected":false},"excerpt":{"rendered":"<p>Kurakl\u0131\u011f\u0131n etkisinin her ge\u00e7en artt\u0131\u011f\u0131 Ayd\u0131n\u2019da bulunan 350 milyon metrek\u00fcp depolama hacmine sahip Adnan Menderes Baraj\u0131 adeta kuruma noktas\u0131na geldi. Barajda hayat suyu seviyesinde ancak su kald\u0131\u011f\u0131 \u00f6\u011frenilirken, susuzlu\u011fun manzaras\u0131 g\u00f6renleri \u015fa\u015f\u0131rtt\u0131. Ge\u00e7ti\u011fimiz y\u0131llarda \u00c7ine, Ayd\u0131n, Ko\u00e7arl\u0131 ve S\u00f6ke Ovas\u0131\u2019n\u0131 besleyen Adnan Menderes Baraj\u0131\u2019nda su seviyesi tarihinin en d\u00fc\u015f\u00fck seviyesine indi. Baraj i\u00e7erisinde sular\u0131n \u00e7ekilmesi&#8230;<\/p>\n","protected":false},"author":1,"featured_media":54385,"comment_status":"open","ping_status":"open","sticky":false,"template":"","format":"standard","meta":{"_crdt_document":"","footnotes":""},"categories":[1],"tags":[],"class_list":["post-54384","post","type-post","status-publish","format-standard","has-post-thumbnail","hentry","category-guncel"],"_links":{"self":[{"href":"https:\/\/www.egemtv.com\/index.php?rest_route=\/wp\/v2\/posts\/54384","targetHints":{"allow":["GET"]}}],"collection":[{"href":"https:\/\/www.egemtv.com\/index.php?rest_route=\/wp\/v2\/posts"}],"about":[{"href":"https:\/\/www.egemtv.com\/index.php?rest_route=\/wp\/v2\/types\/post"}],"author":[{"embeddable":true,"href":"https:\/\/www.egemtv.com\/index.php?rest_route=\/wp\/v2\/users\/1"}],"replies":[{"embeddable":true,"href":"https:\/\/www.egemtv.com\/index.php?rest_route=%2Fwp%2Fv2%2Fcomments&post=54384"}],"version-history":[{"count":1,"href":"https:\/\/www.egemtv.com\/index.php?rest_route=\/wp\/v2\/posts\/54384\/revisions"}],"predecessor-version":[{"id":54386,"href":"https:\/\/www.egemtv.com\/index.php?rest_route=\/wp\/v2\/posts\/54384\/revisions\/54386"}],"wp:featuredmedia":[{"embeddable":true,"href":"https:\/\/www.egemtv.com\/index.php?rest_route=\/wp\/v2\/media\/54385"}],"wp:attachment":[{"href":"https:\/\/www.egemtv.com\/index.php?rest_route=%2Fwp%2Fv2%2Fmedia&parent=54384"}],"wp:term":[{"taxonomy":"category","embeddable":true,"href":"https:\/\/www.egemtv.com\/index.php?rest_route=%2Fwp%2Fv2%2Fcategories&post=54384"},{"taxonomy":"post_tag","embeddable":true,"href":"https:\/\/www.egemtv.com\/index.php?rest_route=%2Fwp%2Fv2%2Ftags&post=54384"}],"curies":[{"name":"wp","href":"https:\/\/api.w.org\/{rel}","templated":true}]}}