{"id":54381,"date":"2025-09-12T12:14:57","date_gmt":"2025-09-12T09:14:57","guid":{"rendered":"https:\/\/www.egemtv.com\/?p=54381"},"modified":"2025-09-12T12:14:58","modified_gmt":"2025-09-12T09:14:58","slug":"adunun-kanser-arastirma-projesi-teknofest-2025-finalisti-oldu","status":"publish","type":"post","link":"https:\/\/www.egemtv.com\/?p=54381","title":{"rendered":"AD\u00dc\u2019n\u00fcn Kanser Ara\u015ft\u0131rma Projesi Teknofest 2025 finalisti oldu"},"content":{"rendered":"<p>Ayd\u0131n Adnan Menderes \u00dcniversitesi (AD\u00dc) ve Y\u0131ld\u0131z Teknik \u00dcniversitesi i\u015f birli\u011fiyle geli\u015ftirilen akci\u011fer kanseri tedavisine y\u00f6nelik proje, Teknofest 2025\u2019te finalist oldu.<\/p>\n<p>Ayd\u0131n Adnan Menderes \u00dcniversitesi (AD\u00dc) T\u0131p Fak\u00fcltesi Biyofizik Ana Bilim Dal\u0131 \u00d6\u011fretim \u00dcyesi Prof. Dr. Mehmet Din\u00e7er Bilgin ve doktora \u00f6\u011frencisi Ay\u015feg\u00fcl T\u00fcrkkol\u2019un payda\u015f\u0131 oldu\u011fu proje, Teknofest 2025 Onkolojide 3T kategorisinde finalist olmaya hak kazand\u0131. &#8220;Ses ve I\u015f\u0131k Kombinasyonu ile Akci\u011fer Kanserine Kar\u015f\u0131 Yeni Nesil Sono-Fotoduyarla\u015ft\u0131r\u0131c\u0131 Sentezi, Fotofiziksel, Sonokimyasal ve Sono-Fotokimyasal \u00d6zellikleri ile In Vitro \u00c7al\u0131\u015fmalar\u0131&#8221; ba\u015fl\u0131kl\u0131 proje, AD\u00dc Temel T\u0131p Bilimleri Ara\u015ft\u0131rma Laboratuvar\u0131\u2019nda y\u00fcr\u00fct\u00fcld\u00fc. Y\u0131ld\u0131z Teknik \u00dcniversitesi Kimya B\u00f6l\u00fcm\u00fc ile ortak ger\u00e7ekle\u015ftirilen \u00e7al\u0131\u015fma kapsam\u0131nda, akci\u011fer kanseri tedavisinde Sono-Fotodinamik Terapi i\u00e7in kullan\u0131labilecek yeni nesil bir duyarla\u015ft\u0131r\u0131c\u0131 ajan geli\u015ftirildi.<\/p>\n<p>Konu ile ilgili Ayd\u0131n Adnan Menderes \u00dcniversitesi\u2019nden (AD\u00dc) yap\u0131lan a\u00e7\u0131klamada &#8220;\u00dcniversitemiz, bilimsel ara\u015ft\u0131rmalarda yenilik\u00e7i yakla\u015f\u0131mlar\u0131yla sa\u011fl\u0131k alan\u0131na de\u011fer katmaya devam ediyor. Proje ekibini tebrik eder, ba\u015far\u0131lar\u0131n\u0131n devam\u0131n\u0131 dileriz&#8221; ifadeleri yer ald\u0131.<br \/><\/p>\n","protected":false},"excerpt":{"rendered":"<p>Ayd\u0131n Adnan Menderes \u00dcniversitesi (AD\u00dc) ve Y\u0131ld\u0131z Teknik \u00dcniversitesi i\u015f birli\u011fiyle geli\u015ftirilen akci\u011fer kanseri tedavisine y\u00f6nelik proje, Teknofest 2025\u2019te finalist oldu. Ayd\u0131n Adnan Menderes \u00dcniversitesi (AD\u00dc) T\u0131p Fak\u00fcltesi Biyofizik Ana Bilim Dal\u0131 \u00d6\u011fretim \u00dcyesi Prof. Dr. Mehmet Din\u00e7er Bilgin ve doktora \u00f6\u011frencisi Ay\u015feg\u00fcl T\u00fcrkkol\u2019un payda\u015f\u0131 oldu\u011fu proje, Teknofest 2025 Onkolojide 3T kategorisinde finalist olmaya hak&#8230;<\/p>\n","protected":false},"author":1,"featured_media":54382,"comment_status":"open","ping_status":"open","sticky":false,"template":"","format":"standard","meta":{"_crdt_document":"","footnotes":""},"categories":[124],"tags":[],"class_list":["post-54381","post","type-post","status-publish","format-standard","has-post-thumbnail","hentry","category-bilim"],"_links":{"self":[{"href":"https:\/\/www.egemtv.com\/index.php?rest_route=\/wp\/v2\/posts\/54381","targetHints":{"allow":["GET"]}}],"collection":[{"href":"https:\/\/www.egemtv.com\/index.php?rest_route=\/wp\/v2\/posts"}],"about":[{"href":"https:\/\/www.egemtv.com\/index.php?rest_route=\/wp\/v2\/types\/post"}],"author":[{"embeddable":true,"href":"https:\/\/www.egemtv.com\/index.php?rest_route=\/wp\/v2\/users\/1"}],"replies":[{"embeddable":true,"href":"https:\/\/www.egemtv.com\/index.php?rest_route=%2Fwp%2Fv2%2Fcomments&post=54381"}],"version-history":[{"count":1,"href":"https:\/\/www.egemtv.com\/index.php?rest_route=\/wp\/v2\/posts\/54381\/revisions"}],"predecessor-version":[{"id":54383,"href":"https:\/\/www.egemtv.com\/index.php?rest_route=\/wp\/v2\/posts\/54381\/revisions\/54383"}],"wp:featuredmedia":[{"embeddable":true,"href":"https:\/\/www.egemtv.com\/index.php?rest_route=\/wp\/v2\/media\/54382"}],"wp:attachment":[{"href":"https:\/\/www.egemtv.com\/index.php?rest_route=%2Fwp%2Fv2%2Fmedia&parent=54381"}],"wp:term":[{"taxonomy":"category","embeddable":true,"href":"https:\/\/www.egemtv.com\/index.php?rest_route=%2Fwp%2Fv2%2Fcategories&post=54381"},{"taxonomy":"post_tag","embeddable":true,"href":"https:\/\/www.egemtv.com\/index.php?rest_route=%2Fwp%2Fv2%2Ftags&post=54381"}],"curies":[{"name":"wp","href":"https:\/\/api.w.org\/{rel}","templated":true}]}}