{"id":54378,"date":"2025-09-12T12:14:56","date_gmt":"2025-09-12T09:14:56","guid":{"rendered":"https:\/\/www.egemtv.com\/?p=54378"},"modified":"2025-09-12T12:14:57","modified_gmt":"2025-09-12T09:14:57","slug":"zeytin-agaci-bilimsel-yontemlerle-tasindi","status":"publish","type":"post","link":"https:\/\/www.egemtv.com\/?p=54378","title":{"rendered":"Zeytin a\u011fac\u0131 bilimsel y\u00f6ntemlerle ta\u015f\u0131nd\u0131"},"content":{"rendered":"<p>Mu\u011fla\u2019n\u0131n Milas il\u00e7esindeki maden sahalar\u0131nda 7554 say\u0131l\u0131 Baz\u0131 Kanunlarda De\u011fi\u015fiklik Yap\u0131lmas\u0131na Dair Kanun ve MAPEG\u2019in uygulama esaslar\u0131 kapsam\u0131nda ilk zeytin a\u011fac\u0131 bilimsel y\u00f6ntemlerle ta\u015f\u0131nd\u0131. Ankara \u00dcniversitesi Teknokenti b\u00fcnyesinde projelendirilen uygulamada yenilik\u00e7i y\u00f6ntemler kullan\u0131ld\u0131 ve ta\u015f\u0131nan a\u011fa\u00e7lar\u0131n tamam\u0131 yeni yerlerine uyum sa\u011flad\u0131.<\/p>\n<p>Enerji arz g\u00fcvenli\u011fi sa\u011flan\u0131rken, zeytin varl\u0131\u011f\u0131n\u0131n korunmas\u0131n\u0131n ekonomik ve k\u00fclt\u00fcrel a\u00e7\u0131dan kritik \u00f6neme sahip oldu\u011funa dikkat \u00e7ekildi. Yenik\u00f6y Kemerk\u00f6y Enerji\u2019nin \u015feffafl\u0131k ilkeleriyle y\u00fcr\u00fctt\u00fc\u011f\u00fc s\u00fcre\u00e7te yap\u0131lan pilot ta\u015f\u0131ma uygulamas\u0131, zeytin a\u011fa\u00e7lar\u0131n\u0131n y\u0131l\u0131n 365 g\u00fcn\u00fc ta\u015f\u0131nabilece\u011fini ortaya koydu. \u00c7al\u0131\u015fman\u0131n akademik makale olarak yay\u0131mlanmas\u0131 bekleniyor.<\/p>\n<p>&#8220;Zeytinler 1-2 y\u0131l i\u00e7inde meyve verecek&#8221;<br \/>\n<br \/>Ankara \u00dcniversitesi Ziraat Fak\u00fcltesi \u00d6\u011fretim \u00dcyesi ve proje y\u00fcr\u00fct\u00fcc\u00fcs\u00fc Prof. Dr. M\u00fccahit Taha \u00d6zkaya, &#8220;Ta\u015f\u0131ma i\u015fleminin birinci ay\u0131n\u0131 geride b\u0131rakt\u0131k ve sonu\u00e7lar\u0131n\u0131 almaya ba\u015flad\u0131k. Tek bir a\u011fac\u0131 bile kaybetmedik. Bu \u00e7al\u0131\u015fma zeytin a\u011fa\u00e7lar\u0131n\u0131n her mevsim ta\u015f\u0131nabilece\u011fini ortaya koyuyor. A\u011fa\u00e7lar\u0131m\u0131z yaprakl\u0131 \u015fekilde ta\u015f\u0131nd\u0131\u011f\u0131 i\u00e7in adaptasyon s\u00fcreci h\u0131zland\u0131 ve 1-2 y\u0131l i\u00e7inde yeniden meyve verecekler&#8221; dedi.<\/p>\n<p>Muhtarlar sahada inceleme yapt\u0131<br \/>\n<br \/>S\u00fcrecin \u015feffaf y\u00fcr\u00fct\u00fclmesi amac\u0131yla kurulan Muhtarlar Dan\u0131\u015fma Kurulu, ta\u015f\u0131nan dokuz zeytin a\u011fac\u0131n\u0131 yerinde inceledi. Karacaa\u011fa\u00e7 Muhtar\u0131 ve kurul s\u00f6zc\u00fcs\u00fc Dursun Uysal, &#8220;Dal ve filiziyle ta\u015f\u0131nan zeytinlerin yeni yerlerine nas\u0131l tutundu\u011funu g\u00f6rd\u00fck. Bu s\u00fcre\u00e7 bizler i\u00e7in umut verici, ta\u015f\u0131nan zeytinlerin k\u00f6ylere zenginlik kataca\u011f\u0131na inan\u0131yoruz&#8221; ifadelerini kulland\u0131.<\/p>\n<p>&#8220;Y\u00fczde 100 ba\u015far\u0131 sa\u011fland\u0131&#8221;<br \/>\n<br \/>Yenik\u00f6y Kemerk\u00f6y Enerji Genel M\u00fcd\u00fcr\u00fc Mehmet Ero\u011flu ise, &#8220;Ta\u015f\u0131ma s\u00fcrecinde y\u00fczde 100 ba\u015far\u0131 elde edilmesi \u00e7ok k\u0131ymetli bir veri. Bu sonu\u00e7, zeytin ta\u015f\u0131man\u0131n bilimsel temelde y\u00fcr\u00fct\u00fcld\u00fc\u011f\u00fcn\u00fc g\u00f6steriyor. Amac\u0131m\u0131z enerji arz g\u00fcvenli\u011fini sa\u011flarken ayn\u0131 zamanda zeytin varl\u0131\u011f\u0131n\u0131 korumak&#8221; a\u00e7\u0131klamas\u0131nda bulundu.<\/p>\n<p>Ta\u015f\u0131nan ilk zeytinlerin yeni yerlerine adaptasyon s\u00fcreci ba\u015far\u0131yla tamamlan\u0131rken, proje sonu\u00e7lar\u0131n\u0131n bilimsel makale olarak yay\u0131mlanmas\u0131 bekleniyor.<br \/><\/p>\n","protected":false},"excerpt":{"rendered":"<p>Mu\u011fla\u2019n\u0131n Milas il\u00e7esindeki maden sahalar\u0131nda 7554 say\u0131l\u0131 Baz\u0131 Kanunlarda De\u011fi\u015fiklik Yap\u0131lmas\u0131na Dair Kanun ve MAPEG\u2019in uygulama esaslar\u0131 kapsam\u0131nda ilk zeytin a\u011fac\u0131 bilimsel y\u00f6ntemlerle ta\u015f\u0131nd\u0131. Ankara \u00dcniversitesi Teknokenti b\u00fcnyesinde projelendirilen uygulamada yenilik\u00e7i y\u00f6ntemler kullan\u0131ld\u0131 ve ta\u015f\u0131nan a\u011fa\u00e7lar\u0131n tamam\u0131 yeni yerlerine uyum sa\u011flad\u0131. Enerji arz g\u00fcvenli\u011fi sa\u011flan\u0131rken, zeytin varl\u0131\u011f\u0131n\u0131n korunmas\u0131n\u0131n ekonomik ve k\u00fclt\u00fcrel a\u00e7\u0131dan kritik \u00f6neme sahip&#8230;<\/p>\n","protected":false},"author":1,"featured_media":54379,"comment_status":"open","ping_status":"open","sticky":false,"template":"","format":"standard","meta":{"_crdt_document":"","footnotes":""},"categories":[1],"tags":[],"class_list":["post-54378","post","type-post","status-publish","format-standard","has-post-thumbnail","hentry","category-guncel"],"_links":{"self":[{"href":"https:\/\/www.egemtv.com\/index.php?rest_route=\/wp\/v2\/posts\/54378","targetHints":{"allow":["GET"]}}],"collection":[{"href":"https:\/\/www.egemtv.com\/index.php?rest_route=\/wp\/v2\/posts"}],"about":[{"href":"https:\/\/www.egemtv.com\/index.php?rest_route=\/wp\/v2\/types\/post"}],"author":[{"embeddable":true,"href":"https:\/\/www.egemtv.com\/index.php?rest_route=\/wp\/v2\/users\/1"}],"replies":[{"embeddable":true,"href":"https:\/\/www.egemtv.com\/index.php?rest_route=%2Fwp%2Fv2%2Fcomments&post=54378"}],"version-history":[{"count":1,"href":"https:\/\/www.egemtv.com\/index.php?rest_route=\/wp\/v2\/posts\/54378\/revisions"}],"predecessor-version":[{"id":54380,"href":"https:\/\/www.egemtv.com\/index.php?rest_route=\/wp\/v2\/posts\/54378\/revisions\/54380"}],"wp:featuredmedia":[{"embeddable":true,"href":"https:\/\/www.egemtv.com\/index.php?rest_route=\/wp\/v2\/media\/54379"}],"wp:attachment":[{"href":"https:\/\/www.egemtv.com\/index.php?rest_route=%2Fwp%2Fv2%2Fmedia&parent=54378"}],"wp:term":[{"taxonomy":"category","embeddable":true,"href":"https:\/\/www.egemtv.com\/index.php?rest_route=%2Fwp%2Fv2%2Fcategories&post=54378"},{"taxonomy":"post_tag","embeddable":true,"href":"https:\/\/www.egemtv.com\/index.php?rest_route=%2Fwp%2Fv2%2Ftags&post=54378"}],"curies":[{"name":"wp","href":"https:\/\/api.w.org\/{rel}","templated":true}]}}