{"id":54375,"date":"2025-09-12T12:14:55","date_gmt":"2025-09-12T09:14:55","guid":{"rendered":"https:\/\/www.egemtv.com\/?p=54375"},"modified":"2025-09-12T12:14:56","modified_gmt":"2025-09-12T09:14:56","slug":"bakan-isikhan-birileri-parti-binalarinda-koltuk-kavgasi-yaparken-biz-turkiyeyi-adim-adim-dolasiyoruz","status":"publish","type":"post","link":"https:\/\/www.egemtv.com\/?p=54375","title":{"rendered":"Bakan I\u015f\u0131khan: &#8220;Birileri parti binalar\u0131nda koltuk kavgas\u0131 yaparken biz T\u00fcrkiye\u2019yi ad\u0131m ad\u0131m dola\u015f\u0131yoruz&#8221;"},"content":{"rendered":"<p>\u00c7al\u0131\u015fma ve Sosyal G\u00fcvenlik Bakan\u0131 Vedat I\u015f\u0131khan, &#8220;Birileri parti binalar\u0131nda koltuk kavgas\u0131 yaparken biz; Cumhurba\u015fkan\u0131m\u0131z\u0131n liderli\u011finde; g\u00f6n\u00fcller yapmak, yediden yetmi\u015fe milletimizin her bir ferdinin sorunlar\u0131yla birebir ilgilenmek i\u00e7in T\u00fcrkiye\u2019yi ad\u0131m ad\u0131m dola\u015f\u0131yoruz&#8221; dedi.<br \/>\n<br \/>\u00c7e\u015fitli temaslar i\u00e7in Burdur\u2019a gelen Bakan Vedat I\u015f\u0131khan, ilk Burdur Valili\u011fini ziyaret etti. Vali T\u00fclay Baydar Bilgihan ile bir araya gelen Bakan I\u015f\u0131khan, \u015fehirdeki \u00e7al\u0131\u015fmalar hakk\u0131nda bilgi ald\u0131. Bakan I\u015f\u0131khan daha sonra, Burdur \u00d6\u011fretmenevinde d\u00fczlenen \u0130\u015f \u0130nsanlar\u0131 ile \u0130sti\u015fare Toplant\u0131s\u0131na kat\u0131ld\u0131. Burada konu\u015fan Bakan I\u015f\u0131khan, T\u00fcrkiye Y\u00fczy\u0131l\u0131 bulu\u015fmalar\u0131 \u00e7er\u00e7evesinde kentteki esnaf, i\u015f yerleri, fabrikalar\u0131 ziyaret edeceklerini ifade etti.<\/p>\n<p>&#8220;Bizler gece g\u00fcnd\u00fcz demeden gen\u00e7lerimizin, \u00e7ocuklar\u0131m\u0131z\u0131n gelece\u011fi i\u00e7in projeler \u00fcretiyoruz&#8221;<br \/>\n<br \/>Bakan I\u015f\u0131khan, &#8220;Bizler de g\u00f6reve geldi\u011fimiz g\u00fcnden bu yana, cennet vatan\u0131m\u0131z\u0131n cennet k\u00f6\u015felerinden birisi olarak g\u00f6rd\u00fc\u011f\u00fcm\u00fcz bu \u015fehrin geli\u015fmesi i\u00e7in durmaks\u0131z\u0131n \u00e7al\u0131\u015f\u0131yoruz. Birileri parti binalar\u0131nda koltuk kavgas\u0131 yaparken biz; Cumhurba\u015fkan\u0131m\u0131z\u0131n liderli\u011finde; g\u00f6n\u00fcller yapmak, yediden yetmi\u015fe milletimizin her bir ferdinin sorunlar\u0131yla birebir ilgilenmek i\u00e7in T\u00fcrkiye\u2019yi ad\u0131m ad\u0131m dola\u015f\u0131yoruz. Birileri gen\u00e7lerimizi sokaklara \u00e7a\u011f\u0131rarak milletimizi siyasi h\u0131rs ve tuzaklar\u0131na alet etmeye \u00e7al\u0131\u015f\u0131rken; bizler gece g\u00fcnd\u00fcz demeden gen\u00e7lerimizin, \u00e7ocuklar\u0131m\u0131z\u0131n gelece\u011fi i\u00e7in projeler \u00fcretiyoruz. Birileri T\u00fcrkiye\u2019yi pa\u00e7as\u0131ndan tutup a\u015fa\u011f\u0131 \u00e7ekmek i\u00e7in u\u011fra\u015f\u0131rken, bizler yerli ve milli ekonomimizi nas\u0131l geli\u015ftirebilece\u011fimizi, kalk\u0131nma hamlelerimizi, istihdam\u0131m\u0131z\u0131, kalifiye i\u015fg\u00fcc\u00fcm\u00fcz\u00fc ve yeni i\u015f imkanlar\u0131n\u0131 nas\u0131l art\u0131rabilece\u011fimizi d\u00fc\u015f\u00fcnmekle ve uygulamakla me\u015fgul\u00fcz. G\u00fc\u00e7l\u00fc T\u00fcrkiye\u2019nin ve T\u00fcrkiye Y\u00fczy\u0131l\u0131\u2019n\u0131n mimar\u0131 Cumhurba\u015fkan\u0131m\u0131z Recep Tayyip Erdo\u011fan liderli\u011finde bizlere, \u00fclkemize ve aziz milletimize hizmet etmeyi nasip etti\u011fi i\u00e7in Allah\u2019a hamdediyoruz. B\u00fcrokratlar\u0131m\u0131zla birlikte ayak bas\u0131lmad\u0131k hi\u00e7bir il ve il\u00e7emiz kalmayana kadar da dola\u015fmaya, aziz milletimizle hemhal olmaya devam edece\u011fiz in\u015fallah&#8221; \u015feklinde konu\u015ftu.<\/p>\n<p>&#8220;Sizler \u00fcrettik\u00e7e, kalk\u0131nmam\u0131z ivme kazan\u0131yor&#8221;<br \/>\n<br \/>Yerel kalk\u0131nmaya \u00f6nem verdiklerini s\u00f6yleyen Bakan I\u015f\u0131khan, &#8220;\u00d6zellikle Burdur\u2019un yerel kalk\u0131nmas\u0131na ve geli\u015fmesine \u00f6nemli katk\u0131lar sunan yat\u0131r\u0131mc\u0131m\u0131z, \u00fcretimcimiz, i\u015fverenlerimiz, esnaflar\u0131m\u0131z, ticaret erbab\u0131m\u0131z gelece\u011fin T\u00fcrkiye\u2019sine giden yolda bizim en de\u011ferli yol arkada\u015flar\u0131m\u0131zd\u0131r. Sizlerin azmi ve kararl\u0131l\u0131\u011f\u0131, hem \u015fehrimizin hem de \u00fclkemizin \u00e7al\u0131\u015fma hayat\u0131n\u0131 daha g\u00fc\u00e7l\u00fc k\u0131l\u0131yor. Sizler \u00fcrettik\u00e7e, kalk\u0131nmam\u0131z ivme kazan\u0131yor. Bak\u0131n\u0131z son g\u00fcncel veriler, yerli ve milli kal\u0131nma yolunda att\u0131\u011f\u0131m\u0131z her ad\u0131m\u0131n olumlu sonu\u00e7lar\u0131n\u0131 g\u00f6stermesi bak\u0131m\u0131ndan olduk\u00e7a umut ve g\u00fcven verici. Y\u0131l\u0131n ikinci \u00e7eyre\u011finde y\u00fczde 4,8 art\u0131\u015f g\u00f6steren ekonomimiz, 20 \u00e7eyrektir s\u00fcrekli b\u00fcy\u00fcyor. Hamdolsun, \u00fclkemiz yat\u0131r\u0131m, istihdam, \u00fcretim ve ihracat rotas\u0131nda istikrarl\u0131 ilerleyi\u015fini s\u00fcrd\u00fcrmeye devam ediyor. Y\u0131ll\u0131k enflasyon rakamlar\u0131ndaki azalma da, ald\u0131\u011f\u0131m\u0131z tedbirlerin, uygulad\u0131\u011f\u0131m\u0131z politikalar\u0131n faydas\u0131n\u0131 bir kez daha g\u00f6stermi\u015f oldu. Tabii bu rakamlar \u00e7al\u0131\u015fma hayat\u0131na da olumlu \u015fekilde yans\u0131yor. Y\u00fczde 8\u2019e gerileyen i\u015fsizlik oran\u0131, 27 ayd\u0131r tekli hanelerde seyretmeye, buna mukabil istihdam\u0131m\u0131z da s\u00fcrekli artmaya devam ediyor. Ayn\u0131 \u015fekilde ihracat rakamlar\u0131m\u0131z, d\u00fcnya konjonkt\u00fcr\u00fcne ra\u011fmen tarihi seviyelere ula\u015fm\u0131\u015f durumda. B\u00f6lgemizde ve d\u00fcnyada ya\u015fanan belirsizlikler ve krizlere ra\u011fmen bug\u00fcn gelmi\u015f oldu\u011fumuz bu nokta, gelecekte daha iyi seviyelere ula\u015faca\u011f\u0131m\u0131z\u0131n da a\u00e7\u0131k bir teminat\u0131d\u0131r&#8221; diye konu\u015ftu.<\/p>\n<p>&#8220;Kabu\u011fumuza \u00e7ekilme l\u00fcks\u00fcm\u00fcz\u00fcn olmad\u0131\u011f\u0131n\u0131 \u00f6zellikle vurgulamak istiyorum&#8221;<br \/>\n<br \/>\u00dclkedeki g\u00fc\u00e7lenme hedefleri ile olumlu sonu\u00e7lar ald\u0131klar\u0131n\u0131 belirten Bakan I\u015f\u0131khan, &#8220;\u00dclkemizi g\u00fc\u00e7lendirme hedefimiz istikametindeki kararl\u0131l\u0131\u011f\u0131m\u0131z\u0131, azmimizi korudu\u011fumuz s\u00fcrece her alanda olumlu sonu\u00e7lar almaya devam edece\u011fimize inan\u0131yorum. \u015eunu unutmamal\u0131y\u0131z ki T\u00fcrkiye\u2019nin g\u00fc\u00e7lenmesi demek, ayn\u0131 zamanda, b\u00f6lgede ve d\u00fcnyada mazlumlara destek vererek daha adil, daha huzurlu bir d\u00fcnyan\u0131n in\u015fas\u0131na yard\u0131m etmemiz demektir. \u00c7\u00fcnk\u00fc bug\u00fcn T\u00fcrkiye, k\u00fcresel g\u00fcvensizlik ortam\u0131nda \u00fcstlendi\u011fi uluslararas\u0131 sorumluluklar, tarihi ve k\u00fclt\u00fcrel misyonu ile sadece b\u00f6lgesinin de\u011fil d\u00fcnyan\u0131n da g\u00fcven adas\u0131 olmaya devam etmektedir. Gazze ba\u015fta olmak \u00fczere zalimin zulm\u00fc alt\u0131nda ya\u015fam m\u00fccadelesi veren mazlum co\u011frafyalar\u0131m\u0131za kar\u015f\u0131 g\u00f6revlerimizin yan\u0131 s\u0131ra, art\u0131k b\u00f6lgesel tehditlerin kap\u0131m\u0131za kadar ula\u015ft\u0131\u011f\u0131 ger\u00e7e\u011fi, bize b\u00fcy\u00fcme yolunda atmam\u0131z gereken kararl\u0131 ad\u0131mlar\u0131 bir kez daha hat\u0131rlatmaktad\u0131r. Bu sebeple, \u00e7al\u0131\u015fma hayat\u0131 ba\u015fta olmak \u00fczere, T\u00fcrkiye\u2019yi i\u00e7eride ve d\u0131\u015far\u0131da daha g\u00fc\u00e7l\u00fc k\u0131lacak her mecrada; durma, duraksama, ad\u0131mlar\u0131m\u0131zda teredd\u00fct etme, kabu\u011fumuza \u00e7ekilme l\u00fcks\u00fcm\u00fcz\u00fcn olmad\u0131\u011f\u0131n\u0131 \u00f6zellikle vurgulamak istiyorum&#8221; ifadelerini kulland\u0131.<\/p>\n<p>&#8220;Toplamda 70 bini a\u015fk\u0131n Burdurlu karde\u015fimize i\u015f bulman\u0131n gururunu ya\u015f\u0131yoruz&#8221;<br \/>\n<br \/>Herkesin faaliyet g\u00f6sterdi\u011fi kendi alan\u0131nda en iyisi olmak i\u00e7in daha \u00e7ok \u00e7al\u0131\u015fmal\u0131s\u0131 ve daha fazla katma de\u011fer \u00fcretmesi gerekti\u011fini s\u00f6yleyen Bakan I\u015f\u0131khan, &#8220;Burdur\u2019un \u00e7al\u0131\u015fkanl\u0131\u011f\u0131na, azmine g\u00fcveniyoruz. Burdur\u2019umuz, son 23 y\u0131lda \u00e7al\u0131\u015fma hayat\u0131nda b\u00fcy\u00fck bir de\u011fi\u015fim ve geli\u015fim s\u00fcrecine \u015fahitlik etti. 2002 y\u0131l\u0131nda sadece 46 bin olan aktif sigortal\u0131 say\u0131m\u0131z bug\u00fcn 80 bine ula\u015fm\u0131\u015f durumda. Yani Burdur\u2019da kay\u0131tl\u0131 \u00e7al\u0131\u015fan say\u0131s\u0131 tam y\u00fczde 71 oran\u0131nda artm\u0131\u015f. \u0130\u015eKUR\u2019un sundu\u011fu imkanlarla da vatanda\u015f\u0131m\u0131za hem meslek hem de ekmek kap\u0131s\u0131 a\u00e7\u0131yoruz. 2025 y\u0131l\u0131n\u0131n ilk 8 ay\u0131nda; 6 bin 249 hem\u015fehrimizi i\u015f hayat\u0131na kazand\u0131rd\u0131k. Toplamda 70 bini a\u015fk\u0131n Burdurlu karde\u015fimize i\u015f bulman\u0131n gururunu ya\u015f\u0131yoruz. Sadece i\u015fe yerle\u015ftirmekle kalmad\u0131k, insan\u0131m\u0131za yeni beceriler, yeni meslekler kazand\u0131rd\u0131k. 4 bin 893 hem\u015fehrimiz mesleki e\u011fitim kurslar\u0131m\u0131z sayesinde yeni meslekler edinirken, 6 bin 834 vatanda\u015f\u0131m\u0131z i\u015fba\u015f\u0131 e\u011fitim programlar\u0131m\u0131zla do\u011frudan i\u015f tecr\u00fcbesi kazanma f\u0131rsat\u0131 buldu. Burdur\u2019un \u00fcretimine ve istihdam\u0131na katk\u0131 sunan i\u015fverenlerimizi, esnaf\u0131m\u0131z\u0131, sizleri de asla yaln\u0131z b\u0131rakmad\u0131k. Bug\u00fcne kadar, 27 bin 367 i\u015fyerimize 1,3 milyar TL\u2019yi a\u015fan te\u015fvik \u00f6demesi yapt\u0131k. Bu emeklerin kar\u015f\u0131l\u0131\u011f\u0131n\u0131 da i\u015fg\u00fcc\u00fc piyasas\u0131 verilerinde g\u00f6r\u00fcyoruz. Antalya, Isparta ve Burdur\u2019u kapsayan TR61 B\u00f6lgesinde istihdam oran\u0131 y\u00fczde 54,7\u2019ye ula\u015fm\u0131\u015f durumda. \u0130\u015fsizlik oran\u0131m\u0131z y\u00fczde 5,8\u2019e kadar geriledi. \u0130\u015fg\u00fcc\u00fcne kat\u0131l\u0131m oran\u0131 ise; y\u00fczde 58,1 olarak ger\u00e7ekle\u015fti. B\u00f6lgemizin, T\u00fcrkiye ortalamas\u0131ndan daha iyi seyreden i\u015fg\u00fcc\u00fc verileri, sizlerin eseridir. Sizlere de bu vesileyle ayr\u0131ca te\u015fekk\u00fcr ediyorum&#8221; dedi.<br \/>\n<br \/>Toplant\u0131ya; Burdur Valisi T\u00fclay Baydar Bilgihan, AK Parti Burdur milletvekilleri ve i\u015f adamlar\u0131 kat\u0131ld\u0131.<br \/><\/p>\n","protected":false},"excerpt":{"rendered":"<p>\u00c7al\u0131\u015fma ve Sosyal G\u00fcvenlik Bakan\u0131 Vedat I\u015f\u0131khan, &#8220;Birileri parti binalar\u0131nda koltuk kavgas\u0131 yaparken biz; Cumhurba\u015fkan\u0131m\u0131z\u0131n liderli\u011finde; g\u00f6n\u00fcller yapmak, yediden yetmi\u015fe milletimizin her bir ferdinin sorunlar\u0131yla birebir ilgilenmek i\u00e7in T\u00fcrkiye\u2019yi ad\u0131m ad\u0131m dola\u015f\u0131yoruz&#8221; dedi. \u00c7e\u015fitli temaslar i\u00e7in Burdur\u2019a gelen Bakan Vedat I\u015f\u0131khan, ilk Burdur Valili\u011fini ziyaret etti. Vali T\u00fclay Baydar Bilgihan ile bir araya gelen Bakan&#8230;<\/p>\n","protected":false},"author":1,"featured_media":54376,"comment_status":"open","ping_status":"open","sticky":false,"template":"","format":"standard","meta":{"_crdt_document":"","footnotes":""},"categories":[127],"tags":[],"class_list":["post-54375","post","type-post","status-publish","format-standard","has-post-thumbnail","hentry","category-siyaset"],"_links":{"self":[{"href":"https:\/\/www.egemtv.com\/index.php?rest_route=\/wp\/v2\/posts\/54375","targetHints":{"allow":["GET"]}}],"collection":[{"href":"https:\/\/www.egemtv.com\/index.php?rest_route=\/wp\/v2\/posts"}],"about":[{"href":"https:\/\/www.egemtv.com\/index.php?rest_route=\/wp\/v2\/types\/post"}],"author":[{"embeddable":true,"href":"https:\/\/www.egemtv.com\/index.php?rest_route=\/wp\/v2\/users\/1"}],"replies":[{"embeddable":true,"href":"https:\/\/www.egemtv.com\/index.php?rest_route=%2Fwp%2Fv2%2Fcomments&post=54375"}],"version-history":[{"count":1,"href":"https:\/\/www.egemtv.com\/index.php?rest_route=\/wp\/v2\/posts\/54375\/revisions"}],"predecessor-version":[{"id":54377,"href":"https:\/\/www.egemtv.com\/index.php?rest_route=\/wp\/v2\/posts\/54375\/revisions\/54377"}],"wp:featuredmedia":[{"embeddable":true,"href":"https:\/\/www.egemtv.com\/index.php?rest_route=\/wp\/v2\/media\/54376"}],"wp:attachment":[{"href":"https:\/\/www.egemtv.com\/index.php?rest_route=%2Fwp%2Fv2%2Fmedia&parent=54375"}],"wp:term":[{"taxonomy":"category","embeddable":true,"href":"https:\/\/www.egemtv.com\/index.php?rest_route=%2Fwp%2Fv2%2Fcategories&post=54375"},{"taxonomy":"post_tag","embeddable":true,"href":"https:\/\/www.egemtv.com\/index.php?rest_route=%2Fwp%2Fv2%2Ftags&post=54375"}],"curies":[{"name":"wp","href":"https:\/\/api.w.org\/{rel}","templated":true}]}}