{"id":54291,"date":"2025-09-12T09:14:56","date_gmt":"2025-09-12T06:14:56","guid":{"rendered":"https:\/\/www.egemtv.com\/?p=54291"},"modified":"2025-09-12T09:14:57","modified_gmt":"2025-09-12T06:14:57","slug":"baskan-gencay-batikoy-mahallesinde-halkin-taleplerini-dinledi","status":"publish","type":"post","link":"https:\/\/www.egemtv.com\/?p=54291","title":{"rendered":"Ba\u015fkan Gen\u00e7ay, Bat\u0131k\u00f6y Mahallesi\u2019nde halk\u0131n taleplerini dinledi"},"content":{"rendered":"<p>Didim Belediye Ba\u015fkan\u0131 Hatice Gen\u00e7ay, &#8220;Mahallemi Dinliyorum&#8221; bulu\u015fmalar\u0131 kapsam\u0131nda Bat\u0131k\u00f6y Mahallesi sakinleriyle bir araya geldi. Mahalle halk\u0131n\u0131n talep ve sorunlar\u0131n\u0131 do\u011frudan dinleyen Ba\u015fkan Gen\u00e7ay, \u00e7\u00f6z\u00fcm odakl\u0131 yakla\u015f\u0131m\u0131yla vatanda\u015flarla birebir ileti\u015fim kurdu.<\/p>\n<p>Bat\u0131k\u00f6y Mahalle Muhtarl\u0131\u011f\u0131 \u00f6n\u00fcnde ger\u00e7ekle\u015ftirilen bulu\u015fmaya; Belediye Ba\u015fkan Yard\u0131mc\u0131lar\u0131 Aydan A\u015f\u0131k Turgut, Kaan Top\u00e7uo\u011fullar\u0131 ve Engin Topal, belediye meclis \u00fcyeleri, birim m\u00fcd\u00fcrleri, Bat\u0131k\u00f6y Mahalle Muhtar\u0131 Mustafa Partal ve \u00e7ok say\u0131da vatanda\u015f kat\u0131ld\u0131.<\/p>\n<p>Toplant\u0131da vatanda\u015flar\u0131n sorunlar\u0131n\u0131 tek tek dinleyen Ba\u015fkan Gen\u00e7ay, Didim Belediyesi\u2019nin y\u00fcr\u00fctt\u00fc\u011f\u00fc \u00e7al\u0131\u015fmalar\u0131 ve \u00f6n\u00fcm\u00fczdeki d\u00f6nemde hayata ge\u00e7irilecek projeleri payla\u015ft\u0131.<\/p>\n<p>Ba\u015fkan Gen\u00e7ay, bulu\u015fmada yapt\u0131\u011f\u0131 konu\u015fmada \u015fu ifadeleri kulland\u0131: &#8220;Vatanda\u015flar\u0131m\u0131z\u0131n sorunlar\u0131n\u0131 yerinde dinleyip \u00e7\u00f6z\u00fcm \u00f6nerileri sunmak i\u00e7in Mahalle Bulu\u015fmalar\u0131m\u0131za ara vermeden devam ediyoruz. Bug\u00fcn Bat\u0131k\u00f6y Mahallemizdeydik. Halk\u0131m\u0131z\u0131n taleplerini not ald\u0131k, \u00e7\u00f6z\u00fcm i\u00e7in gereken ad\u0131mlar\u0131 h\u0131zla ataca\u011f\u0131z. Didim\u2019de her mahallemizi daha g\u00fczel ve ya\u015fanabilir k\u0131lmak i\u00e7in birlikte \u00e7al\u0131\u015faca\u011f\u0131z&#8221;<\/p>\n<p>Samimi bir atmosferde ger\u00e7ekle\u015fen toplant\u0131, vatanda\u015flar\u0131n memnuniyetlerini dile getirmesi ve mahallelerine dair beklentilerini do\u011frudan iletmesiyle sona erdi.<br \/><\/p>\n","protected":false},"excerpt":{"rendered":"<p>Didim Belediye Ba\u015fkan\u0131 Hatice Gen\u00e7ay, &#8220;Mahallemi Dinliyorum&#8221; bulu\u015fmalar\u0131 kapsam\u0131nda Bat\u0131k\u00f6y Mahallesi sakinleriyle bir araya geldi. Mahalle halk\u0131n\u0131n talep ve sorunlar\u0131n\u0131 do\u011frudan dinleyen Ba\u015fkan Gen\u00e7ay, \u00e7\u00f6z\u00fcm odakl\u0131 yakla\u015f\u0131m\u0131yla vatanda\u015flarla birebir ileti\u015fim kurdu. Bat\u0131k\u00f6y Mahalle Muhtarl\u0131\u011f\u0131 \u00f6n\u00fcnde ger\u00e7ekle\u015ftirilen bulu\u015fmaya; Belediye Ba\u015fkan Yard\u0131mc\u0131lar\u0131 Aydan A\u015f\u0131k Turgut, Kaan Top\u00e7uo\u011fullar\u0131 ve Engin Topal, belediye meclis \u00fcyeleri, birim m\u00fcd\u00fcrleri, Bat\u0131k\u00f6y Mahalle&#8230;<\/p>\n","protected":false},"author":1,"featured_media":54292,"comment_status":"open","ping_status":"open","sticky":false,"template":"","format":"standard","meta":{"_crdt_document":"","footnotes":""},"categories":[1],"tags":[],"class_list":["post-54291","post","type-post","status-publish","format-standard","has-post-thumbnail","hentry","category-guncel"],"_links":{"self":[{"href":"https:\/\/www.egemtv.com\/index.php?rest_route=\/wp\/v2\/posts\/54291","targetHints":{"allow":["GET"]}}],"collection":[{"href":"https:\/\/www.egemtv.com\/index.php?rest_route=\/wp\/v2\/posts"}],"about":[{"href":"https:\/\/www.egemtv.com\/index.php?rest_route=\/wp\/v2\/types\/post"}],"author":[{"embeddable":true,"href":"https:\/\/www.egemtv.com\/index.php?rest_route=\/wp\/v2\/users\/1"}],"replies":[{"embeddable":true,"href":"https:\/\/www.egemtv.com\/index.php?rest_route=%2Fwp%2Fv2%2Fcomments&post=54291"}],"version-history":[{"count":1,"href":"https:\/\/www.egemtv.com\/index.php?rest_route=\/wp\/v2\/posts\/54291\/revisions"}],"predecessor-version":[{"id":54293,"href":"https:\/\/www.egemtv.com\/index.php?rest_route=\/wp\/v2\/posts\/54291\/revisions\/54293"}],"wp:featuredmedia":[{"embeddable":true,"href":"https:\/\/www.egemtv.com\/index.php?rest_route=\/wp\/v2\/media\/54292"}],"wp:attachment":[{"href":"https:\/\/www.egemtv.com\/index.php?rest_route=%2Fwp%2Fv2%2Fmedia&parent=54291"}],"wp:term":[{"taxonomy":"category","embeddable":true,"href":"https:\/\/www.egemtv.com\/index.php?rest_route=%2Fwp%2Fv2%2Fcategories&post=54291"},{"taxonomy":"post_tag","embeddable":true,"href":"https:\/\/www.egemtv.com\/index.php?rest_route=%2Fwp%2Fv2%2Ftags&post=54291"}],"curies":[{"name":"wp","href":"https:\/\/api.w.org\/{rel}","templated":true}]}}