{"id":54285,"date":"2025-09-12T02:34:34","date_gmt":"2025-09-11T23:34:34","guid":{"rendered":"https:\/\/www.egemtv.com\/?p=54285"},"modified":"2025-09-12T02:34:35","modified_gmt":"2025-09-11T23:34:35","slug":"yunanistanin-geri-ittigi-35-duzensiz-gocmen-kurtarildi","status":"publish","type":"post","link":"https:\/\/www.egemtv.com\/?p=54285","title":{"rendered":"Yunanistan\u2019\u0131n geri itti\u011fi 35 d\u00fczensiz g\u00f6\u00e7men kurtar\u0131ld\u0131"},"content":{"rendered":"<p>Mu\u011fla\u2019n\u0131n Seydikemer il\u00e7esi a\u00e7\u0131klar\u0131nda Yunanistan sahil g\u00fcvenlik unsurlar\u0131 taraf\u0131ndan T\u00fcrk karasular\u0131na geri itilen 12\u2019si \u00e7ocuk 35 d\u00fczensiz g\u00f6\u00e7men kurtar\u0131l\u0131rken, bir g\u00f6\u00e7men ka\u00e7ak\u00e7\u0131l\u0131\u011f\u0131  \u015f\u00fcphelisi yakaland\u0131.<br \/>\n<br \/>Seydikemer il\u00e7esi a\u00e7\u0131klar\u0131nda can sallar\u0131 i\u00e7erisinde bir grup d\u00fczensiz g\u00f6\u00e7men oldu\u011fu bilgisinin al\u0131nmas\u0131 \u00fczerine g\u00f6revlendirilen Sahil G\u00fcvenlik Botu taraf\u0131ndan Yunanistan unsurlar\u0131nca T\u00fcrk Karasular\u0131na geri itilen 2 can sal\u0131 i\u00e7erisindeki toplam 23 d\u00fczensiz g\u00f6\u00e7men (beraberinde 12 \u00e7ocuk) kurtar\u0131lm\u0131\u015f ve 1 g\u00f6\u00e7men ka\u00e7ak\u00e7\u0131s\u0131 \u015f\u00fcphelisi yakaland\u0131.<br \/><\/p>\n","protected":false},"excerpt":{"rendered":"<p>Mu\u011fla\u2019n\u0131n Seydikemer il\u00e7esi a\u00e7\u0131klar\u0131nda Yunanistan sahil g\u00fcvenlik unsurlar\u0131 taraf\u0131ndan T\u00fcrk karasular\u0131na geri itilen 12\u2019si \u00e7ocuk 35 d\u00fczensiz g\u00f6\u00e7men kurtar\u0131l\u0131rken, bir g\u00f6\u00e7men ka\u00e7ak\u00e7\u0131l\u0131\u011f\u0131 \u015f\u00fcphelisi yakaland\u0131. Seydikemer il\u00e7esi a\u00e7\u0131klar\u0131nda can sallar\u0131 i\u00e7erisinde bir grup d\u00fczensiz g\u00f6\u00e7men oldu\u011fu bilgisinin al\u0131nmas\u0131 \u00fczerine g\u00f6revlendirilen Sahil G\u00fcvenlik Botu taraf\u0131ndan Yunanistan unsurlar\u0131nca T\u00fcrk Karasular\u0131na geri itilen 2 can sal\u0131 i\u00e7erisindeki toplam 23&#8230;<\/p>\n","protected":false},"author":1,"featured_media":54286,"comment_status":"open","ping_status":"open","sticky":false,"template":"","format":"standard","meta":{"_crdt_document":"","footnotes":""},"categories":[5],"tags":[],"class_list":["post-54285","post","type-post","status-publish","format-standard","has-post-thumbnail","hentry","category-asayis"],"_links":{"self":[{"href":"https:\/\/www.egemtv.com\/index.php?rest_route=\/wp\/v2\/posts\/54285","targetHints":{"allow":["GET"]}}],"collection":[{"href":"https:\/\/www.egemtv.com\/index.php?rest_route=\/wp\/v2\/posts"}],"about":[{"href":"https:\/\/www.egemtv.com\/index.php?rest_route=\/wp\/v2\/types\/post"}],"author":[{"embeddable":true,"href":"https:\/\/www.egemtv.com\/index.php?rest_route=\/wp\/v2\/users\/1"}],"replies":[{"embeddable":true,"href":"https:\/\/www.egemtv.com\/index.php?rest_route=%2Fwp%2Fv2%2Fcomments&post=54285"}],"version-history":[{"count":1,"href":"https:\/\/www.egemtv.com\/index.php?rest_route=\/wp\/v2\/posts\/54285\/revisions"}],"predecessor-version":[{"id":54287,"href":"https:\/\/www.egemtv.com\/index.php?rest_route=\/wp\/v2\/posts\/54285\/revisions\/54287"}],"wp:featuredmedia":[{"embeddable":true,"href":"https:\/\/www.egemtv.com\/index.php?rest_route=\/wp\/v2\/media\/54286"}],"wp:attachment":[{"href":"https:\/\/www.egemtv.com\/index.php?rest_route=%2Fwp%2Fv2%2Fmedia&parent=54285"}],"wp:term":[{"taxonomy":"category","embeddable":true,"href":"https:\/\/www.egemtv.com\/index.php?rest_route=%2Fwp%2Fv2%2Fcategories&post=54285"},{"taxonomy":"post_tag","embeddable":true,"href":"https:\/\/www.egemtv.com\/index.php?rest_route=%2Fwp%2Fv2%2Ftags&post=54285"}],"curies":[{"name":"wp","href":"https:\/\/api.w.org\/{rel}","templated":true}]}}