{"id":54282,"date":"2025-09-12T00:15:45","date_gmt":"2025-09-11T21:15:45","guid":{"rendered":"https:\/\/www.egemtv.com\/?p=54282"},"modified":"2025-09-12T00:15:46","modified_gmt":"2025-09-11T21:15:46","slug":"bodrumda-girdigi-denizde-fenalasan-macar-turist-boguldu","status":"publish","type":"post","link":"https:\/\/www.egemtv.com\/?p=54282","title":{"rendered":"Bodrum\u2019da girdi\u011fi denizde fenala\u015fan Macar turist bo\u011fuldu"},"content":{"rendered":"<p>Mu\u011fla\u2019n\u0131n Bodrum il\u00e7esinde girdi\u011fi denizde fenala\u015fan Macaristan uyruklu turist bo\u011fuldu.<br \/>\n<br \/>Edinilen bilgiye g\u00f6re, ak\u015fam saatlerinde G\u00fcmbet sahilinde denize giren Macaristan uyruklu Laszlo Janos Kovacs (77), bir s\u00fcre sonra fenala\u015ft\u0131. Su y\u00fczeyindeki turistin \u015famand\u0131ralar\u0131n yan\u0131nda hareketsiz halde oldu\u011funu fark eden sahildeki vatanda\u015flar, yard\u0131m\u0131na ko\u015ftu. Turist sahile \u00e7\u0131kar\u0131larak kalp masaj\u0131 yap\u0131ld\u0131. \u0130hbar\u0131n ard\u0131ndan olay yerine gelen 112 Acil Sa\u011fl\u0131k ekibi, turistin hayat\u0131n\u0131 kaybetti\u011fini belirledi. Ailesiyle birlikte tatile gelen turistin G\u00fcmbet sahilindeki bir otelde kald\u0131\u011f\u0131 \u00f6\u011frenildi.<br \/>\n<br \/>Olayla ilgili soru\u015fturma ba\u015flat\u0131ld\u0131.<br \/><\/p>\n","protected":false},"excerpt":{"rendered":"<p>Mu\u011fla\u2019n\u0131n Bodrum il\u00e7esinde girdi\u011fi denizde fenala\u015fan Macaristan uyruklu turist bo\u011fuldu. Edinilen bilgiye g\u00f6re, ak\u015fam saatlerinde G\u00fcmbet sahilinde denize giren Macaristan uyruklu Laszlo Janos Kovacs (77), bir s\u00fcre sonra fenala\u015ft\u0131. Su y\u00fczeyindeki turistin \u015famand\u0131ralar\u0131n yan\u0131nda hareketsiz halde oldu\u011funu fark eden sahildeki vatanda\u015flar, yard\u0131m\u0131na ko\u015ftu. Turist sahile \u00e7\u0131kar\u0131larak kalp masaj\u0131 yap\u0131ld\u0131. \u0130hbar\u0131n ard\u0131ndan olay yerine gelen 112&#8230;<\/p>\n","protected":false},"author":1,"featured_media":54283,"comment_status":"open","ping_status":"open","sticky":false,"template":"","format":"standard","meta":{"_crdt_document":"","footnotes":""},"categories":[5],"tags":[],"class_list":["post-54282","post","type-post","status-publish","format-standard","has-post-thumbnail","hentry","category-asayis"],"_links":{"self":[{"href":"https:\/\/www.egemtv.com\/index.php?rest_route=\/wp\/v2\/posts\/54282","targetHints":{"allow":["GET"]}}],"collection":[{"href":"https:\/\/www.egemtv.com\/index.php?rest_route=\/wp\/v2\/posts"}],"about":[{"href":"https:\/\/www.egemtv.com\/index.php?rest_route=\/wp\/v2\/types\/post"}],"author":[{"embeddable":true,"href":"https:\/\/www.egemtv.com\/index.php?rest_route=\/wp\/v2\/users\/1"}],"replies":[{"embeddable":true,"href":"https:\/\/www.egemtv.com\/index.php?rest_route=%2Fwp%2Fv2%2Fcomments&post=54282"}],"version-history":[{"count":1,"href":"https:\/\/www.egemtv.com\/index.php?rest_route=\/wp\/v2\/posts\/54282\/revisions"}],"predecessor-version":[{"id":54284,"href":"https:\/\/www.egemtv.com\/index.php?rest_route=\/wp\/v2\/posts\/54282\/revisions\/54284"}],"wp:featuredmedia":[{"embeddable":true,"href":"https:\/\/www.egemtv.com\/index.php?rest_route=\/wp\/v2\/media\/54283"}],"wp:attachment":[{"href":"https:\/\/www.egemtv.com\/index.php?rest_route=%2Fwp%2Fv2%2Fmedia&parent=54282"}],"wp:term":[{"taxonomy":"category","embeddable":true,"href":"https:\/\/www.egemtv.com\/index.php?rest_route=%2Fwp%2Fv2%2Fcategories&post=54282"},{"taxonomy":"post_tag","embeddable":true,"href":"https:\/\/www.egemtv.com\/index.php?rest_route=%2Fwp%2Fv2%2Ftags&post=54282"}],"curies":[{"name":"wp","href":"https:\/\/api.w.org\/{rel}","templated":true}]}}