{"id":54279,"date":"2025-09-11T23:54:49","date_gmt":"2025-09-11T20:54:49","guid":{"rendered":"https:\/\/www.egemtv.com\/?p=54279"},"modified":"2025-09-11T23:54:50","modified_gmt":"2025-09-11T20:54:50","slug":"ege-cup-2025-turk-telekom-94-yukatel-merkezefendi-67","status":"publish","type":"post","link":"https:\/\/www.egemtv.com\/?p=54279","title":{"rendered":"Ege Cup 2025: T\u00fcrk Telekom : 94 &#8211; Yukatel Merkezefendi: 67"},"content":{"rendered":"<p>T\u00fcrkiye Sigorta Basketbol S\u00fcper Ligi\u2019nde m\u00fccadele eden T\u00fcrk Telekom ile Yukatel Merkezefendi, sezon \u00f6ncesi Ege Cup 2025 Turnuvas\u0131\u2019nda kar\u015f\u0131 kar\u015f\u0131ya geldi. M\u00fccadeleyi T\u00fcrk Telekom 94-67\u2019lik skorla kazand\u0131.  T\u00fcrk Telekom, cumartesi g\u00fcn\u00fc saat 15.30\u2019da Alia\u011fa Belediyesi  Spor Salonu\u2019nda Trabzonspor  ile kar\u015f\u0131 kar\u015f\u0131ya gelecek.<\/p>\n<p>Salon: Alia\u011fa Belediyesi<br \/>\n<br \/>Hakemler: Kaan B\u00fcy\u00fck\u00e7il, Altu\u011f K\u00f6serlerli, Fatih Erdo\u011fan<br \/>\n<br \/>T\u00fcrk Telekom: Devoe 7, Allman 8, Berkan Durma 8, Emircan Ko\u015fut 6, Ata Kahraman, Usher 8, Devon Smith 10, Simonovic 11, Atakan Murat Bi\u00e7er 2, Do\u011fu\u015f \u00d6zdemiro\u011flu 19, Yavuz G\u00fcltekin 5, Bankston 10<br \/>\n<br \/>Ba\u015fantren\u00f6r: Erdem Can<br \/>\n<br \/>Yukatel Merkezefendi: Emre Tan\u0131\u015fan 8, Griffin 5, Mustafa Sami Y\u0131lmaz, Vanwijn 10, \u00d6mer Can \u0130lyaso\u011flu 14, Badzim, Cazlon  17, Ata Engin, Roberts 7, Hawkins 4, Erbey Kemal Paltac\u0131 2<br \/>\n<br \/>Ba\u015fantren\u00f6r: Zafer Akta\u015f<br \/>\n<br \/>1. Periyot: 23-14 (T\u00fcrk Telekom lehine)<br \/>\n<br \/>Devre: 44-31 (T\u00fcrk Telekom lehine)<br \/>\n<br \/>3. Periyot: 69-52 (T\u00fcrk Telekom lehine)<br \/><\/p>\n","protected":false},"excerpt":{"rendered":"<p>T\u00fcrkiye Sigorta Basketbol S\u00fcper Ligi\u2019nde m\u00fccadele eden T\u00fcrk Telekom ile Yukatel Merkezefendi, sezon \u00f6ncesi Ege Cup 2025 Turnuvas\u0131\u2019nda kar\u015f\u0131 kar\u015f\u0131ya geldi. M\u00fccadeleyi T\u00fcrk Telekom 94-67\u2019lik skorla kazand\u0131. T\u00fcrk Telekom, cumartesi g\u00fcn\u00fc saat 15.30\u2019da Alia\u011fa Belediyesi Spor Salonu\u2019nda Trabzonspor ile kar\u015f\u0131 kar\u015f\u0131ya gelecek. Salon: Alia\u011fa Belediyesi Hakemler: Kaan B\u00fcy\u00fck\u00e7il, Altu\u011f K\u00f6serlerli, Fatih Erdo\u011fan T\u00fcrk Telekom: Devoe&#8230;<\/p>\n","protected":false},"author":1,"featured_media":54280,"comment_status":"open","ping_status":"open","sticky":false,"template":"","format":"standard","meta":{"_crdt_document":"","footnotes":""},"categories":[4],"tags":[],"class_list":["post-54279","post","type-post","status-publish","format-standard","has-post-thumbnail","hentry","category-spor"],"_links":{"self":[{"href":"https:\/\/www.egemtv.com\/index.php?rest_route=\/wp\/v2\/posts\/54279","targetHints":{"allow":["GET"]}}],"collection":[{"href":"https:\/\/www.egemtv.com\/index.php?rest_route=\/wp\/v2\/posts"}],"about":[{"href":"https:\/\/www.egemtv.com\/index.php?rest_route=\/wp\/v2\/types\/post"}],"author":[{"embeddable":true,"href":"https:\/\/www.egemtv.com\/index.php?rest_route=\/wp\/v2\/users\/1"}],"replies":[{"embeddable":true,"href":"https:\/\/www.egemtv.com\/index.php?rest_route=%2Fwp%2Fv2%2Fcomments&post=54279"}],"version-history":[{"count":1,"href":"https:\/\/www.egemtv.com\/index.php?rest_route=\/wp\/v2\/posts\/54279\/revisions"}],"predecessor-version":[{"id":54281,"href":"https:\/\/www.egemtv.com\/index.php?rest_route=\/wp\/v2\/posts\/54279\/revisions\/54281"}],"wp:featuredmedia":[{"embeddable":true,"href":"https:\/\/www.egemtv.com\/index.php?rest_route=\/wp\/v2\/media\/54280"}],"wp:attachment":[{"href":"https:\/\/www.egemtv.com\/index.php?rest_route=%2Fwp%2Fv2%2Fmedia&parent=54279"}],"wp:term":[{"taxonomy":"category","embeddable":true,"href":"https:\/\/www.egemtv.com\/index.php?rest_route=%2Fwp%2Fv2%2Fcategories&post=54279"},{"taxonomy":"post_tag","embeddable":true,"href":"https:\/\/www.egemtv.com\/index.php?rest_route=%2Fwp%2Fv2%2Ftags&post=54279"}],"curies":[{"name":"wp","href":"https:\/\/api.w.org\/{rel}","templated":true}]}}