{"id":54276,"date":"2025-09-11T22:14:52","date_gmt":"2025-09-11T19:14:52","guid":{"rendered":"https:\/\/www.egemtv.com\/?p=54276"},"modified":"2025-09-11T22:14:52","modified_gmt":"2025-09-11T19:14:52","slug":"acipayamda-zincirleme-trafik-kazasi-1-olu-4-yarali","status":"publish","type":"post","link":"https:\/\/www.egemtv.com\/?p=54276","title":{"rendered":"Ac\u0131payam\u2019da zincirleme trafik kazas\u0131: 1 \u00f6l\u00fc, 4 yaral\u0131"},"content":{"rendered":"<p>DEN\u0130ZL\u0130 (\u0130HA) \u2013 Denizli\u2019nin Ac\u0131payam il\u00e7esinde, kontrolden \u00e7\u0131kan hafif ticari arac\u0131n kar\u015f\u0131 \u015feride ge\u00e7mesi sonucu \u00fc\u00e7 arac\u0131n kar\u0131\u015ft\u0131\u011f\u0131 zincirleme trafik kazas\u0131nda 1 kad\u0131n \u00f6ld\u00fc, 4 ki\u015fi yaraland\u0131.<\/p>\n<p>Kaza, saat 18.30 s\u0131ralar\u0131nda Denizli-Antalya karayolu Ac\u0131payam il\u00e7esi Kumaf\u015far\u0131 Mahallesi\u2019nde meydana geldi. Edinilen bilgiye g\u00f6re; Denizli\u2019den Burdur\u2019un G\u00f6lhisar il\u00e7esine i\u015f g\u00f6r\u00fc\u015fmesine giden V.K. isimli esnaf\u0131n kulland\u0131\u011f\u0131 hafif ticari ara\u00e7, Ac\u0131payam\u2019a ba\u011fl\u0131 Kumaf\u015far\u0131 Mahallesi yak\u0131nlar\u0131na geldi\u011finde, hen\u00fcz belirlenemeyen bir nedenle kontrolden \u00e7\u0131karak, kar\u015f\u0131 \u015feride ge\u00e7ti. Bu esnada Denizli y\u00f6n\u00fcnde Antalya istikametine ilerleyen kamyonet, kar\u015f\u0131 \u015feritten gelen araca \u00e7arpmamak i\u00e7in ani fren yapt\u0131. Ayn\u0131 y\u00f6ne seyir halinde olan Tofa\u015f marka otomobil, aniden \u00f6n\u00fcnde duran kamyonete arkadan \u00e7arpt\u0131.<\/p>\n<p>Kazada metal y\u0131\u011f\u0131n\u0131na d\u00f6nen Tofa\u015f marka otomobilde bulunan K.\u00d6. adl\u0131 kad\u0131n hayat\u0131n\u0131 kaybetti. Zincirleme kazaya kar\u0131\u015fan ara\u00e7lardan itfaiye ekipleri taraf\u0131ndan kurtar\u0131lan 4 yaral\u0131, sa\u011fl\u0131k ekipleri taraf\u0131ndan olay yerinde yap\u0131lan ilk m\u00fcdahalelerinin ard\u0131ndan ambulanslarla Ac\u0131payam Devlet Hastanesine kald\u0131r\u0131larak, tedavi alt\u0131na al\u0131nd\u0131. Yaral\u0131lardan birinin durumunun a\u011f\u0131r oldu\u011fu \u00f6\u011frenildi. Kazayla ilgili soru\u015fturma ba\u015flat\u0131l\u0131rken, kontrol\u00fc olarak trafi\u011fin sa\u011fland\u0131\u011f\u0131 Denizli \u2013 Antalya karayolu ara\u00e7lar\u0131n kald\u0131r\u0131lmas\u0131n\u0131n ard\u0131ndan yeniden ula\u015f\u0131ma a\u00e7\u0131ld\u0131.<br \/><\/p>\n","protected":false},"excerpt":{"rendered":"<p>DEN\u0130ZL\u0130 (\u0130HA) \u2013 Denizli\u2019nin Ac\u0131payam il\u00e7esinde, kontrolden \u00e7\u0131kan hafif ticari arac\u0131n kar\u015f\u0131 \u015feride ge\u00e7mesi sonucu \u00fc\u00e7 arac\u0131n kar\u0131\u015ft\u0131\u011f\u0131 zincirleme trafik kazas\u0131nda 1 kad\u0131n \u00f6ld\u00fc, 4 ki\u015fi yaraland\u0131. Kaza, saat 18.30 s\u0131ralar\u0131nda Denizli-Antalya karayolu Ac\u0131payam il\u00e7esi Kumaf\u015far\u0131 Mahallesi\u2019nde meydana geldi. Edinilen bilgiye g\u00f6re; Denizli\u2019den Burdur\u2019un G\u00f6lhisar il\u00e7esine i\u015f g\u00f6r\u00fc\u015fmesine giden V.K. isimli esnaf\u0131n kulland\u0131\u011f\u0131 hafif ticari&#8230;<\/p>\n","protected":false},"author":1,"featured_media":54277,"comment_status":"open","ping_status":"open","sticky":false,"template":"","format":"standard","meta":{"_crdt_document":"","footnotes":""},"categories":[5],"tags":[],"class_list":["post-54276","post","type-post","status-publish","format-standard","has-post-thumbnail","hentry","category-asayis"],"_links":{"self":[{"href":"https:\/\/www.egemtv.com\/index.php?rest_route=\/wp\/v2\/posts\/54276","targetHints":{"allow":["GET"]}}],"collection":[{"href":"https:\/\/www.egemtv.com\/index.php?rest_route=\/wp\/v2\/posts"}],"about":[{"href":"https:\/\/www.egemtv.com\/index.php?rest_route=\/wp\/v2\/types\/post"}],"author":[{"embeddable":true,"href":"https:\/\/www.egemtv.com\/index.php?rest_route=\/wp\/v2\/users\/1"}],"replies":[{"embeddable":true,"href":"https:\/\/www.egemtv.com\/index.php?rest_route=%2Fwp%2Fv2%2Fcomments&post=54276"}],"version-history":[{"count":1,"href":"https:\/\/www.egemtv.com\/index.php?rest_route=\/wp\/v2\/posts\/54276\/revisions"}],"predecessor-version":[{"id":54278,"href":"https:\/\/www.egemtv.com\/index.php?rest_route=\/wp\/v2\/posts\/54276\/revisions\/54278"}],"wp:featuredmedia":[{"embeddable":true,"href":"https:\/\/www.egemtv.com\/index.php?rest_route=\/wp\/v2\/media\/54277"}],"wp:attachment":[{"href":"https:\/\/www.egemtv.com\/index.php?rest_route=%2Fwp%2Fv2%2Fmedia&parent=54276"}],"wp:term":[{"taxonomy":"category","embeddable":true,"href":"https:\/\/www.egemtv.com\/index.php?rest_route=%2Fwp%2Fv2%2Fcategories&post=54276"},{"taxonomy":"post_tag","embeddable":true,"href":"https:\/\/www.egemtv.com\/index.php?rest_route=%2Fwp%2Fv2%2Ftags&post=54276"}],"curies":[{"name":"wp","href":"https:\/\/api.w.org\/{rel}","templated":true}]}}