{"id":54270,"date":"2025-09-11T21:54:42","date_gmt":"2025-09-11T18:54:42","guid":{"rendered":"https:\/\/www.egemtv.com\/?p=54270"},"modified":"2025-09-11T21:54:43","modified_gmt":"2025-09-11T18:54:43","slug":"yatagan-termik-enerji-uretim-a-s-den-aciklama","status":"publish","type":"post","link":"https:\/\/www.egemtv.com\/?p=54270","title":{"rendered":"Yata\u011fan Termik Enerji \u00dcretim A.\u015e.\u2019den a\u00e7\u0131klama"},"content":{"rendered":"<p>Yata\u011fan Termik Enerji \u00dcretim A.\u015e., kamula\u015ft\u0131rma s\u00fcreci hakk\u0131nda kamuoyuna bilgilendirmek amac\u0131yla yaz\u0131l\u0131 a\u00e7\u0131klama yap\u0131ld\u0131.<br \/>\n<br \/>Yata\u011fan Termik Enerji \u00dcretim A.\u015e. taraf\u0131ndan yap\u0131lan yaz\u0131l\u0131 a\u00e7\u0131klamada, &#8220;Son g\u00fcnlerde medyada yer alan kamula\u015ft\u0131rma s\u00fcrecine ili\u015fkin iddialarla ilgili olarak, kamuoyunu do\u011fru bilgilendirmek amac\u0131yla a\u00e7\u0131klama yapma ihtiyac\u0131 duyulmu\u015ftur. Vatanda\u015flar\u0131m\u0131z\u0131n evlerinin y\u0131k\u0131laca\u011f\u0131, mezarl\u0131klar\u0131n\u0131n kald\u0131r\u0131laca\u011f\u0131 y\u00f6n\u00fcndeki s\u00f6z konusu iddialar, ger\u00e7e\u011fi yans\u0131tmamaktad\u0131r. Yata\u011fan Termik Enerji olarak, maden sahalar\u0131m\u0131zda kamula\u015ft\u0131rma y\u00f6ntemi yerine uzla\u015fma zeminine dayal\u0131 \u00e7\u00f6z\u00fcmleri tercih ediyoruz. Bu \u00e7er\u00e7evede, \u015firketimize ait zeytinliklerle takas ya da rayi\u00e7 bedel \u00fczerinden sat\u0131n alma yoluna gidiyoruz. T\u00fcm s\u00fcre\u00e7 b\u00f6lge halk\u0131m\u0131zla kar\u015f\u0131l\u0131kl\u0131 diyalog halinde, kat\u0131l\u0131mc\u0131 ve \u015feffaf bir \u015fekilde devam etmektedir. B\u00f6lgemizde ya\u015fayan hi\u00e7bir vatanda\u015f\u0131n m\u00fclk kayb\u0131 nedeniyle zarar g\u00f6rmesinin s\u00f6z konusu olmad\u0131\u011f\u0131n\u0131n alt\u0131n\u0131 \u00e7izmek isteriz. Proje saham\u0131z Turgut K\u00f6y\u00fc yerle\u015fimine 600 metre, k\u00f6y mezarl\u0131\u011f\u0131na ise 250 metre mesafededir. Bu nedenle ne k\u00f6ydeki evlere ne de mezarl\u0131\u011fa herhangi bir \u015fekilde zarar verilmesi m\u00fcmk\u00fcn de\u011fildir. Yine as\u0131ls\u0131z iddialar aras\u0131nda yer alan, k\u00f6ylerin yok edilece\u011fi, zeytinliklerin zarar g\u00f6rece\u011fi y\u00f6n\u00fcndeki haberler ger\u00e7ekle ba\u011fda\u015fmamaktad\u0131r. Faaliyete ge\u00e7ti\u011fimiz g\u00fcnden bu yana oldu\u011fu gibi, gelecekte de zeytinlerimize sahip \u00e7\u0131kaca\u011f\u0131z. Bakanl\u0131k g\u00f6zetiminde ta\u015f\u0131ma i\u015flemi tamamland\u0131ktan sonra s\u00fcrecin takip\u00e7isi olmaya devam edecek, rehabilitasyonu tamamlanan maden sahalar\u0131na da ta\u015f\u0131nan a\u011fa\u00e7lar\u0131n iki kat\u0131 kadar zeytin a\u011fac\u0131 dikimi ger\u00e7ekle\u015ftirece\u011fiz. Yata\u011fan Termik Santrali olarak \u00f6nceli\u011fimiz; enerji \u00fcretiminde s\u00fcreklili\u011fi sa\u011flarken faaliyetlerimizi \u00e7evreye, tarihi ve k\u00fclt\u00fcrel de\u011ferlere ve b\u00f6lge halk\u0131n\u0131n ya\u015fam\u0131na sayg\u0131 \u00e7er\u00e7evesinde ger\u00e7ekle\u015ftirmektir. Bu do\u011frultuda t\u00fcm ad\u0131mlar\u0131m\u0131z\u0131, ilgili mevzuat \u00e7er\u00e7evesinde ve kamu kurumlar\u0131n\u0131n denetimi alt\u0131nda, \u015feffaf bir \u015fekilde payla\u015fmaya devam edece\u011fiz&#8221; denildi.<br \/><\/p>\n","protected":false},"excerpt":{"rendered":"<p>Yata\u011fan Termik Enerji \u00dcretim A.\u015e., kamula\u015ft\u0131rma s\u00fcreci hakk\u0131nda kamuoyuna bilgilendirmek amac\u0131yla yaz\u0131l\u0131 a\u00e7\u0131klama yap\u0131ld\u0131. Yata\u011fan Termik Enerji \u00dcretim A.\u015e. taraf\u0131ndan yap\u0131lan yaz\u0131l\u0131 a\u00e7\u0131klamada, &#8220;Son g\u00fcnlerde medyada yer alan kamula\u015ft\u0131rma s\u00fcrecine ili\u015fkin iddialarla ilgili olarak, kamuoyunu do\u011fru bilgilendirmek amac\u0131yla a\u00e7\u0131klama yapma ihtiyac\u0131 duyulmu\u015ftur. Vatanda\u015flar\u0131m\u0131z\u0131n evlerinin y\u0131k\u0131laca\u011f\u0131, mezarl\u0131klar\u0131n\u0131n kald\u0131r\u0131laca\u011f\u0131 y\u00f6n\u00fcndeki s\u00f6z konusu iddialar, ger\u00e7e\u011fi yans\u0131tmamaktad\u0131r. Yata\u011fan Termik&#8230;<\/p>\n","protected":false},"author":1,"featured_media":54271,"comment_status":"open","ping_status":"open","sticky":false,"template":"","format":"standard","meta":{"_crdt_document":"","footnotes":""},"categories":[1],"tags":[],"class_list":["post-54270","post","type-post","status-publish","format-standard","has-post-thumbnail","hentry","category-guncel"],"_links":{"self":[{"href":"https:\/\/www.egemtv.com\/index.php?rest_route=\/wp\/v2\/posts\/54270","targetHints":{"allow":["GET"]}}],"collection":[{"href":"https:\/\/www.egemtv.com\/index.php?rest_route=\/wp\/v2\/posts"}],"about":[{"href":"https:\/\/www.egemtv.com\/index.php?rest_route=\/wp\/v2\/types\/post"}],"author":[{"embeddable":true,"href":"https:\/\/www.egemtv.com\/index.php?rest_route=\/wp\/v2\/users\/1"}],"replies":[{"embeddable":true,"href":"https:\/\/www.egemtv.com\/index.php?rest_route=%2Fwp%2Fv2%2Fcomments&post=54270"}],"version-history":[{"count":1,"href":"https:\/\/www.egemtv.com\/index.php?rest_route=\/wp\/v2\/posts\/54270\/revisions"}],"predecessor-version":[{"id":54272,"href":"https:\/\/www.egemtv.com\/index.php?rest_route=\/wp\/v2\/posts\/54270\/revisions\/54272"}],"wp:featuredmedia":[{"embeddable":true,"href":"https:\/\/www.egemtv.com\/index.php?rest_route=\/wp\/v2\/media\/54271"}],"wp:attachment":[{"href":"https:\/\/www.egemtv.com\/index.php?rest_route=%2Fwp%2Fv2%2Fmedia&parent=54270"}],"wp:term":[{"taxonomy":"category","embeddable":true,"href":"https:\/\/www.egemtv.com\/index.php?rest_route=%2Fwp%2Fv2%2Fcategories&post=54270"},{"taxonomy":"post_tag","embeddable":true,"href":"https:\/\/www.egemtv.com\/index.php?rest_route=%2Fwp%2Fv2%2Ftags&post=54270"}],"curies":[{"name":"wp","href":"https:\/\/api.w.org\/{rel}","templated":true}]}}