{"id":54267,"date":"2025-09-11T21:54:42","date_gmt":"2025-09-11T18:54:42","guid":{"rendered":"https:\/\/www.egemtv.com\/?p=54267"},"modified":"2025-09-11T21:54:42","modified_gmt":"2025-09-11T18:54:42","slug":"bakan-bolat-2026da-ihracatcilarimiza-45-milyar-lira-hibe-destegi-verecegiz","status":"publish","type":"post","link":"https:\/\/www.egemtv.com\/?p=54267","title":{"rendered":"Bakan Bolat: &#8220;2026\u2019da ihracat\u00e7\u0131lar\u0131m\u0131za 45 milyar lira hibe deste\u011fi verece\u011fiz&#8221;"},"content":{"rendered":"<p>Ticaret Bakan\u0131 \u00d6mer Bolat, &#8220;Ge\u00e7en y\u0131l 24 milyar, bu y\u0131l 33 milyar ve \u00f6n\u00fcm\u00fczdeki y\u0131l bize ayr\u0131lan b\u00fct\u00e7eden 45 milyar liral\u0131k ihracat desteklerini hibe olarak ihracat\u00e7\u0131lar\u0131m\u0131za sunaca\u011f\u0131z&#8221; dedi.<br \/>\n<br \/>Ticaret Bakan\u0131 \u00d6mer Bolat, Denizli \u0130hracat\u00e7\u0131lar Birli\u011fi (DEN\u0130B) taraf\u0131ndan d\u00fczenlenen \u0130hracat\u0131n Y\u0131ld\u0131zlar\u0131 2024 \u00f6d\u00fcl t\u00f6reninde ekonomik geli\u015fmeler ve ihracat destekleriyle ilgili de\u011ferlendirmelerde bulundu.<br \/>\n<br \/>AK Parti h\u00fck\u00fcmetleri d\u00f6neminde, son 23 y\u0131lda Denizli\u2019ye 385 milyar liral\u0131k kamu yat\u0131r\u0131m\u0131 kazand\u0131r\u0131ld\u0131\u011f\u0131n\u0131 a\u00e7\u0131klayan Bakan Bolat, &#8220;Denizli\u2019deki esnaflar\u0131m\u0131za bug\u00fcne kadar 8 milyar T\u00fcrk Liras\u0131 kredi kulland\u0131r\u0131ld\u0131, bu krediler y\u00fczde 50 hazine destekli olarak sa\u011fland\u0131. Sadece 2025 y\u0131l\u0131 i\u00e7erisinde geride kalan 8 ayda 2 milyon 328 milyon lira y\u00fczde 25 maliyetli esnaf kredisi kulland\u0131r\u0131ld\u0131. T\u00fcrkiye Esnaf ve Sanatk\u00e2rlar Kredi ve Kefalet Kooperatifleri Birlikleri Merkez Birli\u011fi (TESKOMB)  Genel Ba\u015fkan\u0131yla da yapt\u0131\u011f\u0131m\u0131z g\u00f6r\u00fc\u015fmeler neticesinde, size bu ziyaretimde bir m\u00fcjdeyi vermek istiyorum. 150 milyon liral\u0131k daha bir esnaf kredisini, y\u00fczde 25 maliyetiyle yar\u0131n sabahtan itibaren Denizli\u2019ye g\u00f6ndermi\u015f olaca\u011f\u0131z. Esnaf kredisi maliyetlerinin de Merkez Bankas\u0131n\u0131n bug\u00fcnk\u00fc 2,5 puanl\u0131k politika faizi indiriminin ard\u0131ndan daha da a\u015fa\u011f\u0131ya d\u00fc\u015fece\u011fini \u00fcmit ediyorum&#8221; diye konu\u015ftu.<\/p>\n<p>&#8220;\u0130hracat desteklerini art\u0131r\u0131yoruz&#8221;<br \/>\n<br \/>2026 taslak b\u00fct\u00e7esinde Ticaret Bakanl\u0131\u011f\u0131na di\u011fer bakanl\u0131klara g\u00f6re daha y\u00fcksek art\u0131\u015f oran\u0131nda bir b\u00fct\u00e7enin \u00f6ng\u00f6r\u00fcld\u00fc\u011f\u00fcn\u00fc kaydeden Bakan Bolat, &#8220;Biz ald\u0131\u011f\u0131m\u0131z b\u00fct\u00e7enin y\u00fczde 60\u2019\u0131n\u0131 ihracat\u00e7\u0131lar\u0131m\u0131za aktar\u0131yoruz. Ge\u00e7en y\u0131l 24 milyar, bu y\u0131l 33 milyar ve \u00f6n\u00fcm\u00fczdeki y\u0131l bize ayr\u0131lan b\u00fct\u00e7eden 45 milyar liral\u0131k ihracat desteklerini hibe olarak ihracat\u00e7\u0131lar\u0131m\u0131za sunaca\u011f\u0131z. Bu da y\u00fczde 36\u2019l\u0131k bir art\u0131\u015f anlam\u0131na geliyor ve ihracata verdi\u011fimiz \u00f6nemi g\u00f6zler \u00f6n\u00fcne seriyor. D\u00fcnyan\u0131n neresine gidersek gidelim kalitelin sembol\u00fc, tar\u0131mda, sanayide ve hizmetlerde ba\u015far\u0131l\u0131 T\u00fcrk mallar\u0131n\u0131 Made in T\u00fcrkey \u00fcr\u00fcnlerini g\u00f6rmekten \u00e7ok b\u00fcy\u00fck onur ve k\u0131van\u00e7 duyuyoruz&#8221; \u015feklinde konu\u015ftu.<\/p>\n<p>\u0130hracat\u0131n y\u0131ld\u0131zlar\u0131 \u00f6d\u00fcllendirildi<br \/>\n<br \/>Yap\u0131lan konu\u015fmalar\u0131n ard\u0131ndan DEN\u0130B \u0130hracat\u0131n Y\u0131ld\u0131zlar\u0131 \u00d6d\u00fcl T\u00f6reninde 2024 y\u0131l\u0131nda ba\u015far\u0131 g\u00f6steren 5 farkl\u0131 kategoride 3\u2019\u00fc U\u015fak ve 39\u2019u ise Denizli olmak \u00fczere toplam 42 firmam\u0131za plaketleri Bakan Bolat ve protokol \u00fcyeleri taraf\u0131ndan takdim edildi.<br \/>\n<br \/>\u00d6d\u00fcl t\u00f6renine Bakan \u00d6mer Bolat\u2019\u0131n yan\u0131 s\u0131ra Ticaret Bakan Yard\u0131mc\u0131s\u0131 \u00d6. Volkan A\u011far, Denizli Valisi \u00d6mer Faruk Co\u015fkun, Denizli OSB Y\u00f6netim Kurulu Ba\u015fkan\u0131 Derya Baltal\u0131, Denizli Ticaret Odas\u0131 Ba\u015fkan\u0131 U\u011fur Erdo\u011fan, Denizli Sanayi Odas\u0131 Ba\u015fkan\u0131 Selim Kasapo\u011flu, milletvekilleri, Denizli protokol\u00fc, oda ve derneklerin ba\u015fkanlar\u0131yla sanayiciler ve ihracat\u00e7\u0131 firmalar kat\u0131ld\u0131.<br \/><\/p>\n","protected":false},"excerpt":{"rendered":"<p>Ticaret Bakan\u0131 \u00d6mer Bolat, &#8220;Ge\u00e7en y\u0131l 24 milyar, bu y\u0131l 33 milyar ve \u00f6n\u00fcm\u00fczdeki y\u0131l bize ayr\u0131lan b\u00fct\u00e7eden 45 milyar liral\u0131k ihracat desteklerini hibe olarak ihracat\u00e7\u0131lar\u0131m\u0131za sunaca\u011f\u0131z&#8221; dedi. Ticaret Bakan\u0131 \u00d6mer Bolat, Denizli \u0130hracat\u00e7\u0131lar Birli\u011fi (DEN\u0130B) taraf\u0131ndan d\u00fczenlenen \u0130hracat\u0131n Y\u0131ld\u0131zlar\u0131 2024 \u00f6d\u00fcl t\u00f6reninde ekonomik geli\u015fmeler ve ihracat destekleriyle ilgili de\u011ferlendirmelerde bulundu. AK Parti h\u00fck\u00fcmetleri d\u00f6neminde,&#8230;<\/p>\n","protected":false},"author":1,"featured_media":54268,"comment_status":"open","ping_status":"open","sticky":false,"template":"","format":"standard","meta":{"_crdt_document":"","footnotes":""},"categories":[125],"tags":[],"class_list":["post-54267","post","type-post","status-publish","format-standard","has-post-thumbnail","hentry","category-ekonomi"],"_links":{"self":[{"href":"https:\/\/www.egemtv.com\/index.php?rest_route=\/wp\/v2\/posts\/54267","targetHints":{"allow":["GET"]}}],"collection":[{"href":"https:\/\/www.egemtv.com\/index.php?rest_route=\/wp\/v2\/posts"}],"about":[{"href":"https:\/\/www.egemtv.com\/index.php?rest_route=\/wp\/v2\/types\/post"}],"author":[{"embeddable":true,"href":"https:\/\/www.egemtv.com\/index.php?rest_route=\/wp\/v2\/users\/1"}],"replies":[{"embeddable":true,"href":"https:\/\/www.egemtv.com\/index.php?rest_route=%2Fwp%2Fv2%2Fcomments&post=54267"}],"version-history":[{"count":1,"href":"https:\/\/www.egemtv.com\/index.php?rest_route=\/wp\/v2\/posts\/54267\/revisions"}],"predecessor-version":[{"id":54269,"href":"https:\/\/www.egemtv.com\/index.php?rest_route=\/wp\/v2\/posts\/54267\/revisions\/54269"}],"wp:featuredmedia":[{"embeddable":true,"href":"https:\/\/www.egemtv.com\/index.php?rest_route=\/wp\/v2\/media\/54268"}],"wp:attachment":[{"href":"https:\/\/www.egemtv.com\/index.php?rest_route=%2Fwp%2Fv2%2Fmedia&parent=54267"}],"wp:term":[{"taxonomy":"category","embeddable":true,"href":"https:\/\/www.egemtv.com\/index.php?rest_route=%2Fwp%2Fv2%2Fcategories&post=54267"},{"taxonomy":"post_tag","embeddable":true,"href":"https:\/\/www.egemtv.com\/index.php?rest_route=%2Fwp%2Fv2%2Ftags&post=54267"}],"curies":[{"name":"wp","href":"https:\/\/api.w.org\/{rel}","templated":true}]}}