{"id":54258,"date":"2025-09-11T19:34:44","date_gmt":"2025-09-11T16:34:44","guid":{"rendered":"https:\/\/www.egemtv.com\/?p=54258"},"modified":"2025-09-11T19:34:44","modified_gmt":"2025-09-11T16:34:44","slug":"dalamanda-trafik-kazasi-1-olu-3-yarali","status":"publish","type":"post","link":"https:\/\/www.egemtv.com\/?p=54258","title":{"rendered":"Dalaman\u2019da trafik kazas\u0131: 1 \u00f6l\u00fc, 3 yaral\u0131"},"content":{"rendered":"<p>Fethiye-Dalaman Yolu \u00fczerinde G\u00f6cek T\u00fcneli\u2019nin Dalaman \u00e7\u0131k\u0131\u015f\u0131 yak\u0131n\u0131nda iki otomobilin \u00e7arp\u0131\u015fmas\u0131 sonucu meydana gelen trafik kazas\u0131nda 1 ki\u015fi hayat\u0131n\u0131 kaybetti, 3 ki\u015fi yaraland\u0131.<\/p>\n<p>Kaza, saat 11.50 s\u0131ralar\u0131nda Fethiye &#8211; Mu\u011fla karayolu Eski Dalaman yol kav\u015fa\u011f\u0131 mevkiinde meydana geldi. Edinilen bilgiye g\u00f6re, 06 H 1678 plakal\u0131 otomobil ile 48 ALE 489 plakal\u0131 otomobilin \u00e7arp\u0131\u015ft\u0131\u011f\u0131 kazada, 2 s\u00fcr\u00fcc\u00fc ve 1 yolcu hafif, 1 yolcu ise a\u011f\u0131r yaraland\u0131. 48 ALE 489 plakal\u0131 ara\u00e7ta yolcu olarak bulunan \u015eerife Kurtar (67) kald\u0131r\u0131ld\u0131\u011f\u0131 hastanede yap\u0131lan m\u00fcdahalelere ra\u011fmen kurtar\u0131lamad\u0131. Yaral\u0131lar\u0131n tedavilerinin devam etti\u011fi \u00f6\u011frenilirken, kazayla ilgili soru\u015fturma ba\u015flat\u0131ld\u0131.<br \/><\/p>\n","protected":false},"excerpt":{"rendered":"<p>Fethiye-Dalaman Yolu \u00fczerinde G\u00f6cek T\u00fcneli\u2019nin Dalaman \u00e7\u0131k\u0131\u015f\u0131 yak\u0131n\u0131nda iki otomobilin \u00e7arp\u0131\u015fmas\u0131 sonucu meydana gelen trafik kazas\u0131nda 1 ki\u015fi hayat\u0131n\u0131 kaybetti, 3 ki\u015fi yaraland\u0131. Kaza, saat 11.50 s\u0131ralar\u0131nda Fethiye &#8211; Mu\u011fla karayolu Eski Dalaman yol kav\u015fa\u011f\u0131 mevkiinde meydana geldi. Edinilen bilgiye g\u00f6re, 06 H 1678 plakal\u0131 otomobil ile 48 ALE 489 plakal\u0131 otomobilin \u00e7arp\u0131\u015ft\u0131\u011f\u0131 kazada, 2&#8230;<\/p>\n","protected":false},"author":1,"featured_media":54259,"comment_status":"open","ping_status":"open","sticky":false,"template":"","format":"standard","meta":{"_crdt_document":"","footnotes":""},"categories":[5],"tags":[],"class_list":["post-54258","post","type-post","status-publish","format-standard","has-post-thumbnail","hentry","category-asayis"],"_links":{"self":[{"href":"https:\/\/www.egemtv.com\/index.php?rest_route=\/wp\/v2\/posts\/54258","targetHints":{"allow":["GET"]}}],"collection":[{"href":"https:\/\/www.egemtv.com\/index.php?rest_route=\/wp\/v2\/posts"}],"about":[{"href":"https:\/\/www.egemtv.com\/index.php?rest_route=\/wp\/v2\/types\/post"}],"author":[{"embeddable":true,"href":"https:\/\/www.egemtv.com\/index.php?rest_route=\/wp\/v2\/users\/1"}],"replies":[{"embeddable":true,"href":"https:\/\/www.egemtv.com\/index.php?rest_route=%2Fwp%2Fv2%2Fcomments&post=54258"}],"version-history":[{"count":1,"href":"https:\/\/www.egemtv.com\/index.php?rest_route=\/wp\/v2\/posts\/54258\/revisions"}],"predecessor-version":[{"id":54260,"href":"https:\/\/www.egemtv.com\/index.php?rest_route=\/wp\/v2\/posts\/54258\/revisions\/54260"}],"wp:featuredmedia":[{"embeddable":true,"href":"https:\/\/www.egemtv.com\/index.php?rest_route=\/wp\/v2\/media\/54259"}],"wp:attachment":[{"href":"https:\/\/www.egemtv.com\/index.php?rest_route=%2Fwp%2Fv2%2Fmedia&parent=54258"}],"wp:term":[{"taxonomy":"category","embeddable":true,"href":"https:\/\/www.egemtv.com\/index.php?rest_route=%2Fwp%2Fv2%2Fcategories&post=54258"},{"taxonomy":"post_tag","embeddable":true,"href":"https:\/\/www.egemtv.com\/index.php?rest_route=%2Fwp%2Fv2%2Ftags&post=54258"}],"curies":[{"name":"wp","href":"https:\/\/api.w.org\/{rel}","templated":true}]}}