{"id":54255,"date":"2025-09-11T19:14:51","date_gmt":"2025-09-11T16:14:51","guid":{"rendered":"https:\/\/www.egemtv.com\/?p=54255"},"modified":"2025-09-11T19:14:52","modified_gmt":"2025-09-11T16:14:52","slug":"aydinda-kapali-spor-salonu-insaati-hizla-suruyor","status":"publish","type":"post","link":"https:\/\/www.egemtv.com\/?p=54255","title":{"rendered":"Ayd\u0131n\u2019da Kapal\u0131 Spor Salonu in\u015faat\u0131 h\u0131zla s\u00fcr\u00fcyor"},"content":{"rendered":"<p>Ayd\u0131n B\u00fcy\u00fck\u015fehir Belediye Ba\u015fkan\u0131 \u00d6zlem \u00c7er\u00e7io\u011flu, AK Parti Ayd\u0131n Milletvekili Seda Sar\u0131ba\u015f ile birlikte Efeler il\u00e7esi Mimar Sinan Mahallesi\u2019nde yap\u0131m\u0131 h\u0131zla devam eden kapal\u0131 spor salonu in\u015faat\u0131nda incelemelerde bulundu.<br \/>\n<br \/>Mart ay\u0131nda tamamlanmas\u0131 planlanan dev tesis, 270 milyon TL maliyetle Ayd\u0131n\u2019a kazand\u0131r\u0131l\u0131yor. Toplam 9 bin 200 metrekarelik in\u015faat alan\u0131 \u00fczerine y\u00fckselen tesis, 3 bin ki\u015fi kapasiteli salonu ile kentte sporun yeni merkezi olacak.<br \/>\n<br \/>Kapal\u0131 spor salonunda voleybol, basketbol, hentbol ve salon sporlar\u0131na uygun sahalar\u0131n yan\u0131 s\u0131ra fitness salonu ve \u00e7ok ama\u00e7l\u0131 etkinlik alanlar\u0131 da yer alacak. Tesis tamamland\u0131\u011f\u0131nda profesyonel sporculardan amat\u00f6r sporculara kadar t\u00fcm vatanda\u015flar i\u00e7in kap\u0131lar\u0131n\u0131 a\u00e7acak.<br \/>\n<br \/>Ba\u015fkan \u00c7er\u00e7io\u011flu: Yat\u0131r\u0131mlar\u0131m\u0131zla sporun ve sporcular\u0131m\u0131z\u0131n yan\u0131nda olmaya devam edece\u011fiz<br \/>\n<br \/>Kent genelinde yat\u0131r\u0131mlar\u0131n ve \u00e7al\u0131\u015fmalar\u0131n devam edece\u011fini belirten Ba\u015fkan \u00c7er\u00e7io\u011flu, &#8220;Yat\u0131r\u0131mlar\u0131m\u0131zla sporun ve sporcular\u0131m\u0131z\u0131n yan\u0131nda olmaya devam edece\u011fiz&#8221; ifadelerini kulland\u0131.<br \/><\/p>\n","protected":false},"excerpt":{"rendered":"<p>Ayd\u0131n B\u00fcy\u00fck\u015fehir Belediye Ba\u015fkan\u0131 \u00d6zlem \u00c7er\u00e7io\u011flu, AK Parti Ayd\u0131n Milletvekili Seda Sar\u0131ba\u015f ile birlikte Efeler il\u00e7esi Mimar Sinan Mahallesi\u2019nde yap\u0131m\u0131 h\u0131zla devam eden kapal\u0131 spor salonu in\u015faat\u0131nda incelemelerde bulundu. Mart ay\u0131nda tamamlanmas\u0131 planlanan dev tesis, 270 milyon TL maliyetle Ayd\u0131n\u2019a kazand\u0131r\u0131l\u0131yor. Toplam 9 bin 200 metrekarelik in\u015faat alan\u0131 \u00fczerine y\u00fckselen tesis, 3 bin ki\u015fi kapasiteli&#8230;<\/p>\n","protected":false},"author":1,"featured_media":54256,"comment_status":"open","ping_status":"open","sticky":false,"template":"","format":"standard","meta":{"_crdt_document":"","footnotes":""},"categories":[4],"tags":[],"class_list":["post-54255","post","type-post","status-publish","format-standard","has-post-thumbnail","hentry","category-spor"],"_links":{"self":[{"href":"https:\/\/www.egemtv.com\/index.php?rest_route=\/wp\/v2\/posts\/54255","targetHints":{"allow":["GET"]}}],"collection":[{"href":"https:\/\/www.egemtv.com\/index.php?rest_route=\/wp\/v2\/posts"}],"about":[{"href":"https:\/\/www.egemtv.com\/index.php?rest_route=\/wp\/v2\/types\/post"}],"author":[{"embeddable":true,"href":"https:\/\/www.egemtv.com\/index.php?rest_route=\/wp\/v2\/users\/1"}],"replies":[{"embeddable":true,"href":"https:\/\/www.egemtv.com\/index.php?rest_route=%2Fwp%2Fv2%2Fcomments&post=54255"}],"version-history":[{"count":1,"href":"https:\/\/www.egemtv.com\/index.php?rest_route=\/wp\/v2\/posts\/54255\/revisions"}],"predecessor-version":[{"id":54257,"href":"https:\/\/www.egemtv.com\/index.php?rest_route=\/wp\/v2\/posts\/54255\/revisions\/54257"}],"wp:featuredmedia":[{"embeddable":true,"href":"https:\/\/www.egemtv.com\/index.php?rest_route=\/wp\/v2\/media\/54256"}],"wp:attachment":[{"href":"https:\/\/www.egemtv.com\/index.php?rest_route=%2Fwp%2Fv2%2Fmedia&parent=54255"}],"wp:term":[{"taxonomy":"category","embeddable":true,"href":"https:\/\/www.egemtv.com\/index.php?rest_route=%2Fwp%2Fv2%2Fcategories&post=54255"},{"taxonomy":"post_tag","embeddable":true,"href":"https:\/\/www.egemtv.com\/index.php?rest_route=%2Fwp%2Fv2%2Ftags&post=54255"}],"curies":[{"name":"wp","href":"https:\/\/api.w.org\/{rel}","templated":true}]}}