{"id":54180,"date":"2025-09-11T14:15:00","date_gmt":"2025-09-11T11:15:00","guid":{"rendered":"https:\/\/www.egemtv.com\/?p=54180"},"modified":"2025-09-11T14:15:01","modified_gmt":"2025-09-11T11:15:01","slug":"incir-ureticisi-tek-cati-altinda-toplanmak-icin-calisma-baslatti","status":"publish","type":"post","link":"https:\/\/www.egemtv.com\/?p=54180","title":{"rendered":"\u0130ncir \u00fcreticisi tek \u00e7at\u0131 alt\u0131nda toplanmak i\u00e7in \u00e7al\u0131\u015fma ba\u015flatt\u0131"},"content":{"rendered":"<p>D\u00fcnyan\u0131n ve T\u00fcrkiye\u2019nin en kaliteli ve en fazla incirinin \u00fcretildi\u011fi Ayd\u0131n\u2019da incir \u00fcreticisi seslerini duyurabilmek i\u00e7in tek \u00e7at\u0131 alt\u0131nda toplanma haz\u0131rl\u0131klar\u0131na ba\u015flad\u0131. Ayd\u0131n\u2019\u0131n \u00f6nde gelen incir \u00fcreticilerinden Tansel \u00d6nder, incir piyasas\u0131nda oynanmak istenen oyunlardan dolay\u0131 \u00fcreticinin \u00e7ok tedirgin oldu\u011funu belirterek, &#8220;Sorunlar\u0131n \u00e7\u00f6z\u00fcm\u00fc ve incir \u00fcreticisinin sesini duyurabilmesi i\u00e7in \u2019\u0130ncir \u00dcreticileri Birli\u011fi\u2019 ad\u0131 alt\u0131nda bir dernek olu\u015fturma niyeti has\u0131l oldu&#8221; dedi.<br \/>\n<br \/>Ayd\u0131n\u2019da n\u00fcfusun \u00f6nemli bir k\u0131sm\u0131n\u0131n yakla\u015f\u0131k 40 bin hektar alanda incir \u00fcretimi yaparak ekme\u011fini kazanmaya \u00e7al\u0131\u015ft\u0131\u011f\u0131n\u0131 belirten Tansel \u00d6nder, verilere g\u00f6re \u00fclkemizde 12 milyonun \u00fczerinde incir a\u011fac\u0131 varl\u0131\u011f\u0131 var. Bunun b\u00fcy\u00fck bir b\u00f6l\u00fcm\u00fc ilimiz Ayd\u0131n ve \u00e7evresinde bulunuyor. \u00dclke genelinde incir \u00fcretim alan\u0131 ise yakla\u015f\u0131k 57 bin hektar. D\u00fcnyada rakibimizin olmad\u0131\u011f\u0131 bir \u00fcr\u00fcn\u00fc yeti\u015ftiriyoruz. Ancak \u00fcreticiler olarak s\u00f6z sahibi de\u011filiz&#8221; dedi.<br \/>\n<br \/>&#8220;\u0130ncir piyasas\u0131na m\u00fcdahale edilmeye \u00e7al\u0131\u015f\u0131l\u0131yor&#8221;<br \/>\n<br \/>\u0130ncir piyasas\u0131na m\u00fcdahale edilmeye \u00e7al\u0131\u015f\u0131ld\u0131\u011f\u0131n\u0131 ve ge\u00e7en y\u0131lki fiyatlardan al\u0131m yap\u0131lmaya \u00e7al\u0131\u015f\u0131ld\u0131\u011f\u0131n\u0131 ifade eden incir \u00fcreticisi Tansel \u00d6nder, bu durumun \u00fcreticiyi zora soktu\u011funu ve \u00fcreticisi, i\u015f\u00e7isi, ihracat\u00e7\u0131s\u0131yla herkesin ayn\u0131 gemide oldu\u011funu vurgulad\u0131.<br \/>\n<br \/>\u0130ncir fiyatlar\u0131n\u0131n en az ge\u00e7en y\u0131lki fiyat\u0131n y\u00fczde 50 \u00fczerinde olmas\u0131 gerekti\u011fini belirten \u00d6nder; &#8220;Burada piyasaya m\u00fcdahale edildi\u011fini biliyoruz. Piyasaya \u015f\u00f6yle m\u00fcdahale ediliyor. \u015eu tarihte ortaya \u00e7\u0131kaca\u011f\u0131z diyorlar. Ge\u00e7en senenin fiyat\u0131ndan almaya \u00e7al\u0131\u015f\u0131yorlar inciri. Zaten onlar\u0131n sunduklar\u0131 fiyat ger\u00e7ekle\u015firse, \u00fcretici bu \u00fcr\u00fcn\u00fc \u00fcretemez. Maliyetlerimizde y\u00fczde 100 art\u0131\u015flar var. \u00dcretti\u011fimiz \u00fcr\u00fcn\u00fcn miktar\u0131 da azalm\u0131\u015f durumda. Bu \u015fartlarda bu i\u015fin yap\u0131lmas\u0131n\u0131n da bir anlam\u0131 olmaz. \u0130ncir \u00fcretimi \u00e7ok maliyetli bir i\u015f. Biz \u00fcreticiler olarak \u015funu s\u00f6yl\u00fcyoruz. Hepimiz ayn\u0131 geminin i\u00e7erisindeyiz. Bu d\u00f6ng\u00fcn\u00fcn devam edebilmesi i\u00e7in herkesin makul seviyede bu i\u015ften para kazanmas\u0131 laz\u0131m. Ama siz \u00fcreticinin s\u0131rt\u0131na bas\u0131p, normalde olmas\u0131 gereken inciri, o fiyatlar\u0131n \u00e7ok a\u015fa\u011f\u0131s\u0131nda al\u0131rsan\u0131z bu insanlar bu paray\u0131 kazanamaz. Burada \u00e7ok ciddi yat\u0131r\u0131mlar var. Bence devletin bu konuda etkin bir m\u00fcdahalede bulunma zaman\u0131 geldi diye d\u00fc\u015f\u00fcn\u00fcyorum. \u00dcretici de bu konuda \u00e7ok tedirgin. Art\u0131k kendi sesini duyurabilmek i\u00e7in \u0130ncir \u00dcreticileri Birli\u011fi ad\u0131 alt\u0131nda bir dernek olu\u015fturmak niyetindeler. Ve fonksiyonel anlamda bu durumlar\u0131n en aza indirgenmesi i\u00e7in y\u00fcr\u00fct\u00fclecek \u00e7al\u0131\u015fmalar\u0131 bir dernek \u00e7at\u0131s\u0131 alt\u0131nda devam ettirecekler&#8221; dedi.<br \/>\n<br \/>&#8220;Fiyatlar ge\u00e7en y\u0131l\u0131n y\u00fczde 50 \u00fczerinde olmas\u0131 laz\u0131m&#8221;<br \/>\n<br \/>Bu y\u0131l incir fiyatlar\u0131n\u0131n ge\u00e7en seneki rakamlar\u0131n en az y\u00fczde 50 \u00fczerinde olmas\u0131 gerekti\u011fini belirterek, \u00fcreticiye verdi\u011fi kredi desteklerinden dolay\u0131 devlet yetkililerine te\u015fekk\u00fcr eden Ayd\u0131n\u2019\u0131n en b\u00fcy\u00fck incir \u00fcreticilerinden Tansel \u00d6nder, &#8220;Devletimiz y\u00fczde s\u0131f\u0131r maliyetli krediler veriyorlar bize. Ayr\u0131ca hibe destekleri var. Bu konuda devlet elinden geleni yap\u0131yor. Bu konuda \u00e7ift\u00e7ilerimize ula\u015fmam\u0131z laz\u0131m, \u00fcreticimizi bilin\u00e7lendirmemiz laz\u0131m. Yani bu konularda bilgilendirmek, kar\u015f\u0131l\u0131kl\u0131 isti\u015fare i\u00e7erisinde olmak ve ayn\u0131 gemide oldu\u011fumuzu unutmadan \u00e7ift\u00e7inin de \u00e7ok fazla s\u0131rt\u0131na basmadan bu i\u015fin yap\u0131lmas\u0131 laz\u0131m&#8221; diyerek incir \u00fcreticilerinin eme\u011finin kar\u015f\u0131l\u0131\u011f\u0131n\u0131 alabilmesi i\u00e7in bilin\u00e7li ve toplu m\u00fccadele etmesi gerekti\u011fini kaydetti.<br \/><\/p>\n","protected":false},"excerpt":{"rendered":"<p>D\u00fcnyan\u0131n ve T\u00fcrkiye\u2019nin en kaliteli ve en fazla incirinin \u00fcretildi\u011fi Ayd\u0131n\u2019da incir \u00fcreticisi seslerini duyurabilmek i\u00e7in tek \u00e7at\u0131 alt\u0131nda toplanma haz\u0131rl\u0131klar\u0131na ba\u015flad\u0131. Ayd\u0131n\u2019\u0131n \u00f6nde gelen incir \u00fcreticilerinden Tansel \u00d6nder, incir piyasas\u0131nda oynanmak istenen oyunlardan dolay\u0131 \u00fcreticinin \u00e7ok tedirgin oldu\u011funu belirterek, &#8220;Sorunlar\u0131n \u00e7\u00f6z\u00fcm\u00fc ve incir \u00fcreticisinin sesini duyurabilmesi i\u00e7in \u2019\u0130ncir \u00dcreticileri Birli\u011fi\u2019 ad\u0131 alt\u0131nda bir dernek&#8230;<\/p>\n","protected":false},"author":1,"featured_media":54181,"comment_status":"open","ping_status":"open","sticky":false,"template":"","format":"standard","meta":{"_crdt_document":"","footnotes":""},"categories":[125],"tags":[],"class_list":["post-54180","post","type-post","status-publish","format-standard","has-post-thumbnail","hentry","category-ekonomi"],"_links":{"self":[{"href":"https:\/\/www.egemtv.com\/index.php?rest_route=\/wp\/v2\/posts\/54180","targetHints":{"allow":["GET"]}}],"collection":[{"href":"https:\/\/www.egemtv.com\/index.php?rest_route=\/wp\/v2\/posts"}],"about":[{"href":"https:\/\/www.egemtv.com\/index.php?rest_route=\/wp\/v2\/types\/post"}],"author":[{"embeddable":true,"href":"https:\/\/www.egemtv.com\/index.php?rest_route=\/wp\/v2\/users\/1"}],"replies":[{"embeddable":true,"href":"https:\/\/www.egemtv.com\/index.php?rest_route=%2Fwp%2Fv2%2Fcomments&post=54180"}],"version-history":[{"count":1,"href":"https:\/\/www.egemtv.com\/index.php?rest_route=\/wp\/v2\/posts\/54180\/revisions"}],"predecessor-version":[{"id":54182,"href":"https:\/\/www.egemtv.com\/index.php?rest_route=\/wp\/v2\/posts\/54180\/revisions\/54182"}],"wp:featuredmedia":[{"embeddable":true,"href":"https:\/\/www.egemtv.com\/index.php?rest_route=\/wp\/v2\/media\/54181"}],"wp:attachment":[{"href":"https:\/\/www.egemtv.com\/index.php?rest_route=%2Fwp%2Fv2%2Fmedia&parent=54180"}],"wp:term":[{"taxonomy":"category","embeddable":true,"href":"https:\/\/www.egemtv.com\/index.php?rest_route=%2Fwp%2Fv2%2Fcategories&post=54180"},{"taxonomy":"post_tag","embeddable":true,"href":"https:\/\/www.egemtv.com\/index.php?rest_route=%2Fwp%2Fv2%2Ftags&post=54180"}],"curies":[{"name":"wp","href":"https:\/\/api.w.org\/{rel}","templated":true}]}}