{"id":54177,"date":"2025-09-11T13:55:39","date_gmt":"2025-09-11T10:55:39","guid":{"rendered":"https:\/\/www.egemtv.com\/?p=54177"},"modified":"2025-09-11T13:55:40","modified_gmt":"2025-09-11T10:55:40","slug":"enes-pinarin-hedefi-balkan-sampiyonasinda-madalya","status":"publish","type":"post","link":"https:\/\/www.egemtv.com\/?p=54177","title":{"rendered":"Enes P\u0131nar\u2019\u0131n hedefi Balkan \u015eampiyonas\u0131nda madalya"},"content":{"rendered":"<p>Yunusemre Belediyespor\u2019un milli judocusu Enes P\u0131nar, 13-14 Eyl\u00fcl tarihlerinde B\u00fcy\u00fckler Balkan \u015eampiyonas\u0131\u2019nda T\u00fcrkiye\u2019yi temsil edecek.<br \/>\n<br \/>Yunusemre Belediyespor\u2019un milli judocusu Enes P\u0131nar, 13-14 Eyl\u00fcl tarihlerinde Kosova\u2019da d\u00fczenlenecek B\u00fcy\u00fckler Balkan Judo \u015eampiyonas\u0131\u2019nda 90 kiloda T\u00fcrkiye\u2019yi temsil edecek. \u015eampiyona \u00f6ncesi haz\u0131rl\u0131klar\u0131n\u0131 yo\u011fun tempoda s\u00fcrd\u00fcren milli sporcu, madalya i\u00e7in elinden geleni yapaca\u011f\u0131n\u0131n s\u00f6z\u00fcn\u00fc verdi.<br \/>\n<br \/>S\u0131k\u0131 bir antrenman d\u00f6nemi ge\u00e7irdi\u011fini kaydeden Enes P\u0131nar, &#8220;\u00c7ok s\u0131k\u0131 bir antrenman d\u00f6nemi ge\u00e7iriyoruz. Balkan \u015eampiyonas\u0131\u2019nda \u00fclkemi en iyi \u015fekilde temsil etmek, k\u00fcrs\u00fcye \u00e7\u0131kmak istiyorum. Bunun i\u00e7in var g\u00fcc\u00fcmle \u00e7al\u0131\u015f\u0131yorum. Bana g\u00fcvenenleri mahcup etmeyece\u011fim.&#8221; dedi.<br \/>\n<br \/>Antren\u00f6rler \u0130smail Can\u0131tez ve Halil \u00d6\u011fer ise yapt\u0131klar\u0131 ortak de\u011ferlendirmede, sporcunun y\u00fcksek motivasyon ve form durumuna dikkat \u00e7ekerek, &#8220;Enes disiplinli \u00e7al\u0131\u015fmalar\u0131yla bize g\u00fcven veriyor. Balkan \u015eampiyonas\u0131\u2019nda \u00fclkemizi ba\u015far\u0131yla temsil edece\u011fine inan\u0131yoruz&#8221; ifadelerini kulland\u0131.<br \/><\/p>\n","protected":false},"excerpt":{"rendered":"<p>Yunusemre Belediyespor\u2019un milli judocusu Enes P\u0131nar, 13-14 Eyl\u00fcl tarihlerinde B\u00fcy\u00fckler Balkan \u015eampiyonas\u0131\u2019nda T\u00fcrkiye\u2019yi temsil edecek. Yunusemre Belediyespor\u2019un milli judocusu Enes P\u0131nar, 13-14 Eyl\u00fcl tarihlerinde Kosova\u2019da d\u00fczenlenecek B\u00fcy\u00fckler Balkan Judo \u015eampiyonas\u0131\u2019nda 90 kiloda T\u00fcrkiye\u2019yi temsil edecek. \u015eampiyona \u00f6ncesi haz\u0131rl\u0131klar\u0131n\u0131 yo\u011fun tempoda s\u00fcrd\u00fcren milli sporcu, madalya i\u00e7in elinden geleni yapaca\u011f\u0131n\u0131n s\u00f6z\u00fcn\u00fc verdi. S\u0131k\u0131 bir antrenman d\u00f6nemi ge\u00e7irdi\u011fini&#8230;<\/p>\n","protected":false},"author":1,"featured_media":54178,"comment_status":"open","ping_status":"open","sticky":false,"template":"","format":"standard","meta":{"_crdt_document":"","footnotes":""},"categories":[4],"tags":[],"class_list":["post-54177","post","type-post","status-publish","format-standard","has-post-thumbnail","hentry","category-spor"],"_links":{"self":[{"href":"https:\/\/www.egemtv.com\/index.php?rest_route=\/wp\/v2\/posts\/54177","targetHints":{"allow":["GET"]}}],"collection":[{"href":"https:\/\/www.egemtv.com\/index.php?rest_route=\/wp\/v2\/posts"}],"about":[{"href":"https:\/\/www.egemtv.com\/index.php?rest_route=\/wp\/v2\/types\/post"}],"author":[{"embeddable":true,"href":"https:\/\/www.egemtv.com\/index.php?rest_route=\/wp\/v2\/users\/1"}],"replies":[{"embeddable":true,"href":"https:\/\/www.egemtv.com\/index.php?rest_route=%2Fwp%2Fv2%2Fcomments&post=54177"}],"version-history":[{"count":1,"href":"https:\/\/www.egemtv.com\/index.php?rest_route=\/wp\/v2\/posts\/54177\/revisions"}],"predecessor-version":[{"id":54179,"href":"https:\/\/www.egemtv.com\/index.php?rest_route=\/wp\/v2\/posts\/54177\/revisions\/54179"}],"wp:featuredmedia":[{"embeddable":true,"href":"https:\/\/www.egemtv.com\/index.php?rest_route=\/wp\/v2\/media\/54178"}],"wp:attachment":[{"href":"https:\/\/www.egemtv.com\/index.php?rest_route=%2Fwp%2Fv2%2Fmedia&parent=54177"}],"wp:term":[{"taxonomy":"category","embeddable":true,"href":"https:\/\/www.egemtv.com\/index.php?rest_route=%2Fwp%2Fv2%2Fcategories&post=54177"},{"taxonomy":"post_tag","embeddable":true,"href":"https:\/\/www.egemtv.com\/index.php?rest_route=%2Fwp%2Fv2%2Ftags&post=54177"}],"curies":[{"name":"wp","href":"https:\/\/api.w.org\/{rel}","templated":true}]}}